{"id":1387,"date":"2025-11-08T11:13:54","date_gmt":"2025-11-08T14:13:54","guid":{"rendered":"https:\/\/www.docxcorretora.com.br\/blog\/?p=1387"},"modified":"2025-11-08T11:13:55","modified_gmt":"2025-11-08T14:13:55","slug":"prevent-senior-plano-de-saude-sem-reajuste-por-faixa-etaria-a-partir-dos-44-anos","status":"publish","type":"post","link":"https:\/\/www.docxcorretora.com.br\/blog\/prevent-senior-plano-de-saude-sem-reajuste-por-faixa-etaria-a-partir-dos-44-anos\/","title":{"rendered":"Prevent Senior: plano de sa\u00fade sem reajuste por faixa et\u00e1ria a partir dos 44 anos"},"content":{"rendered":"\n<p>A <strong>Prevent Senior<\/strong> anunciou uma novidade que promete revolucionar o mercado de planos de sa\u00fade: <strong>n\u00e3o haver\u00e1 reajuste por faixa et\u00e1ria a partir dos 44 anos<\/strong> para novos benefici\u00e1rios. Essa iniciativa exclusiva garante mais <strong>tranquilidade financeira e estabilidade<\/strong> para quem busca um plano de sa\u00fade com previsibilidade de custos e cobertura de qualidade.<\/p>\n\n\n\n<p>Quer saber mais informa\u00e7\u00f5es? Fale com a Corretora Carol <\/p>\n\n\n\n<div class=\"wp-block-jetpack-send-a-message\">\n<div class=\"wp-block-jetpack-whatsapp-button is-color-dark\"><a class=\"whatsapp-block__button\" href=\"https:\/\/api.whatsapp.com\/send?phone=5511983818365&amp;text=Oi%20vi%20no%20insta%2C%20quero%20saber%20sobre%20plano%20de%20sa%C3%BAde%20para%20quem%20tem%20mais%20de%2044%20anos.%20\" style=\"background-color:#25D366\" target=\"_blank\" rel=\"noopener noreferrer\">Conversar no WhatsApp<\/a><\/div>\n<\/div>\n\n\n\n<h3 class=\"wp-block-heading\">O que significa \u201csem reajuste por faixa et\u00e1ria\u201d?<\/h3>\n\n\n\n<p>Tradicionalmente, os planos de sa\u00fade sofrem aumentos conforme o benefici\u00e1rio muda de faixa et\u00e1ria  algo que pode gerar impacto significativo no or\u00e7amento familiar.<br>Com o novo modelo da Prevent Senior, <strong>quem tem 44 anos ou mais n\u00e3o sofrer\u00e1 aumento no valor mensal por mudan\u00e7a de idade<\/strong>. O \u00fanico reajuste que continuar\u00e1 sendo aplicado \u00e9 o <strong>reajuste anual definido pela ANS (Ag\u00eancia Nacional de Sa\u00fade Suplementar)<\/strong>, que regula o setor.<\/p>\n\n\n\n<h3 class=\"wp-block-heading\">Vantagens para o benefici\u00e1rio<\/h3>\n\n\n\n<ul>\n<li><strong>Sem surpresas no valor da mensalidade<\/strong> conforme a idade avan\u00e7a;<\/li>\n\n\n\n<li><strong>Previsibilidade financeira<\/strong> e seguran\u00e7a a longo prazo;<\/li>\n\n\n\n<li><strong>Atendimento humanizado<\/strong>, reconhecido pela Prevent Senior;<\/li>\n\n\n\n<li>Ideal para quem busca estabilidade e confian\u00e7a em seu plano de sa\u00fade.<\/li>\n<\/ul>\n\n\n\n<p>Al\u00e9m de proporcionar mais seguran\u00e7a financeira, o plano reflete o compromisso da operadora com o bem-estar e a transpar\u00eancia em cada etapa da jornada do benefici\u00e1rio.<\/p>\n\n\n\n<blockquote class=\"wp-block-quote\">\n<p><strong>Prevent Senior \u2013 A sa\u00fade pode ser mais humana.<\/strong><\/p>\n\n\n\n<p>Tem mais de 44 anos, e quer contrar um plano de sa\u00fade Prevent Senior, fale com a Carol. <\/p>\n\n\n\n<div class=\"wp-block-jetpack-send-a-message\">\n<div class=\"wp-block-jetpack-whatsapp-button is-color-dark\"><a class=\"whatsapp-block__button\" href=\"https:\/\/api.whatsapp.com\/send?phone=5511983818365&amp;text=Oi%20vi%20no%20insta%20e%20quero%20saber%20sobre%20o%20plano%20de%20sa%C3%BAde%20prevent%20senior%20para%20quem%20tem%20a%20partir%20de%2044%20anos\" style=\"background-color:#25D366\" target=\"_blank\" rel=\"noopener noreferrer\">Conversar no WhatsApp<\/a><\/div>\n<\/div>\n<\/blockquote>\n","protected":false},"excerpt":{"rendered":"<p>A Prevent Senior anunciou uma novidade que promete revolucionar o mercado de planos de sa\u00fade: n\u00e3o haver\u00e1 reajuste por faixa et\u00e1ria a partir dos 44 anos para novos benefici\u00e1rios. Essa [&hellip;]<\/p>\n","protected":false},"author":10,"featured_media":1388,"comment_status":"closed","ping_status":"open","sticky":false,"template":"","format":"standard","meta":{"spay_email":""},"categories":[3],"tags":[86,69,227],"yoast_head":"<!-- This site is optimized with the Yoast SEO plugin v20.12 - https:\/\/yoast.com\/wordpress\/plugins\/seo\/ -->\n<title>Prevent Senior: plano de sa\u00fade sem reajuste por faixa et\u00e1ria a partir dos 44 anos - DocX Corretora | Blog<\/title>\n<meta name=\"description\" content=\"Plano de sa\u00fade Prevent Senior sem reajuste por faixa et\u00e1ria a partir dos 44 anos. Mais previsibilidade, seguran\u00e7a e atendimento humanizado.\" \/>\n<meta name=\"robots\" content=\"index, follow, max-snippet:-1, max-image-preview:large, max-video-preview:-1\" \/>\n<link rel=\"canonical\" href=\"https:\/\/www.docxcorretora.com.br\/blog\/prevent-senior-plano-de-saude-sem-reajuste-por-faixa-etaria-a-partir-dos-44-anos\/\" \/>\n<meta property=\"og:locale\" content=\"pt_BR\" \/>\n<meta property=\"og:type\" content=\"article\" \/>\n<meta property=\"og:title\" content=\"Prevent Senior: plano de sa\u00fade sem reajuste por faixa et\u00e1ria a partir dos 44 anos - DocX Corretora | Blog\" \/>\n<meta property=\"og:description\" content=\"Plano de sa\u00fade Prevent Senior sem reajuste por faixa et\u00e1ria a partir dos 44 anos. Mais previsibilidade, seguran\u00e7a e atendimento humanizado.\" \/>\n<meta property=\"og:url\" content=\"https:\/\/www.docxcorretora.com.br\/blog\/prevent-senior-plano-de-saude-sem-reajuste-por-faixa-etaria-a-partir-dos-44-anos\/\" \/>\n<meta property=\"og:site_name\" content=\"DocX Corretora | Blog\" \/>\n<meta property=\"article:published_time\" content=\"2025-11-08T14:13:54+00:00\" \/>\n<meta property=\"article:modified_time\" content=\"2025-11-08T14:13:55+00:00\" \/>\n<meta property=\"og:image\" content=\"https:\/\/www.docxcorretora.com.br\/blog\/wp-content\/uploads\/2025\/11\/Prevent-Senior-plano-de-saude-sem-reajuste-por-faixa-etaria-a-partir-dos-44-anos.png\" \/>\n\t<meta property=\"og:image:width\" content=\"2240\" \/>\n\t<meta property=\"og:image:height\" content=\"1260\" \/>\n\t<meta property=\"og:image:type\" content=\"image\/png\" \/>\n<meta name=\"author\" content=\"Marketing\" \/>\n<meta name=\"twitter:card\" content=\"summary_large_image\" \/>\n<meta name=\"twitter:label1\" content=\"Escrito por\" \/>\n\t<meta name=\"twitter:data1\" content=\"Marketing\" \/>\n\t<meta name=\"twitter:label2\" content=\"Est. tempo de leitura\" \/>\n\t<meta name=\"twitter:data2\" content=\"2 minutos\" \/>\n<script type=\"application\/ld+json\" class=\"yoast-schema-graph\">{\"@context\":\"https:\/\/schema.org\",\"@graph\":[{\"@type\":\"WebPage\",\"@id\":\"https:\/\/www.docxcorretora.com.br\/blog\/prevent-senior-plano-de-saude-sem-reajuste-por-faixa-etaria-a-partir-dos-44-anos\/\",\"url\":\"https:\/\/www.docxcorretora.com.br\/blog\/prevent-senior-plano-de-saude-sem-reajuste-por-faixa-etaria-a-partir-dos-44-anos\/\",\"name\":\"Prevent Senior: plano de sa\u00fade sem reajuste por faixa et\u00e1ria a partir dos 44 anos - DocX Corretora | Blog\",\"isPartOf\":{\"@id\":\"https:\/\/www.docxcorretora.com.br\/blog\/#website\"},\"datePublished\":\"2025-11-08T14:13:54+00:00\",\"dateModified\":\"2025-11-08T14:13:55+00:00\",\"author\":{\"@id\":\"https:\/\/www.docxcorretora.com.br\/blog\/#\/schema\/person\/e921c7a20603fd679d93ae9e75ae4ebb\"},\"description\":\"Plano de sa\u00fade Prevent Senior sem reajuste por faixa et\u00e1ria a partir dos 44 anos. Mais previsibilidade, seguran\u00e7a e atendimento humanizado.\",\"breadcrumb\":{\"@id\":\"https:\/\/www.docxcorretora.com.br\/blog\/prevent-senior-plano-de-saude-sem-reajuste-por-faixa-etaria-a-partir-dos-44-anos\/#breadcrumb\"},\"inLanguage\":\"pt-BR\",\"potentialAction\":[{\"@type\":\"ReadAction\",\"target\":[\"https:\/\/www.docxcorretora.com.br\/blog\/prevent-senior-plano-de-saude-sem-reajuste-por-faixa-etaria-a-partir-dos-44-anos\/\"]}]},{\"@type\":\"BreadcrumbList\",\"@id\":\"https:\/\/www.docxcorretora.com.br\/blog\/prevent-senior-plano-de-saude-sem-reajuste-por-faixa-etaria-a-partir-dos-44-anos\/#breadcrumb\",\"itemListElement\":[{\"@type\":\"ListItem\",\"position\":1,\"name\":\"In\u00edcio\",\"item\":\"https:\/\/www.docxcorretora.com.br\/blog\/\"},{\"@type\":\"ListItem\",\"position\":2,\"name\":\"Prevent Senior: plano de sa\u00fade sem reajuste por faixa et\u00e1ria a partir dos 44 anos\"}]},{\"@type\":\"WebSite\",\"@id\":\"https:\/\/www.docxcorretora.com.br\/blog\/#website\",\"url\":\"https:\/\/www.docxcorretora.com.br\/blog\/\",\"name\":\"DocX Corretora | Blog\",\"description\":\"Descubra o plano de sa\u00fade ideal para voc\u00ea, veja dicas de sa\u00fade e conhe\u00e7a outros tipos de seguro.\",\"potentialAction\":[{\"@type\":\"SearchAction\",\"target\":{\"@type\":\"EntryPoint\",\"urlTemplate\":\"https:\/\/www.docxcorretora.com.br\/blog\/?s={search_term_string}\"},\"query-input\":\"required name=search_term_string\"}],\"inLanguage\":\"pt-BR\"},{\"@type\":\"Person\",\"@id\":\"https:\/\/www.docxcorretora.com.br\/blog\/#\/schema\/person\/e921c7a20603fd679d93ae9e75ae4ebb\",\"name\":\"Marketing\",\"image\":{\"@type\":\"ImageObject\",\"inLanguage\":\"pt-BR\",\"@id\":\"https:\/\/www.docxcorretora.com.br\/blog\/#\/schema\/person\/image\/\",\"url\":\"https:\/\/secure.gravatar.com\/avatar\/3f33c895958052e57e63da83e71a3def?s=96&d=mm&r=g\",\"contentUrl\":\"https:\/\/secure.gravatar.com\/avatar\/3f33c895958052e57e63da83e71a3def?s=96&d=mm&r=g\",\"caption\":\"Marketing\"},\"url\":\"https:\/\/www.docxcorretora.com.br\/blog\/author\/marketing\/\"}]}<\/script>\n<!-- \/ Yoast SEO plugin. -->","yoast_head_json":{"title":"Prevent Senior: plano de sa\u00fade sem reajuste por faixa et\u00e1ria a partir dos 44 anos - DocX Corretora | Blog","description":"Plano de sa\u00fade Prevent Senior sem reajuste por faixa et\u00e1ria a partir dos 44 anos. Mais previsibilidade, seguran\u00e7a e atendimento humanizado.","robots":{"index":"index","follow":"follow","max-snippet":"max-snippet:-1","max-image-preview":"max-image-preview:large","max-video-preview":"max-video-preview:-1"},"canonical":"https:\/\/www.docxcorretora.com.br\/blog\/prevent-senior-plano-de-saude-sem-reajuste-por-faixa-etaria-a-partir-dos-44-anos\/","og_locale":"pt_BR","og_type":"article","og_title":"Prevent Senior: plano de sa\u00fade sem reajuste por faixa et\u00e1ria a partir dos 44 anos - DocX Corretora | Blog","og_description":"Plano de sa\u00fade Prevent Senior sem reajuste por faixa et\u00e1ria a partir dos 44 anos. Mais previsibilidade, seguran\u00e7a e atendimento humanizado.","og_url":"https:\/\/www.docxcorretora.com.br\/blog\/prevent-senior-plano-de-saude-sem-reajuste-por-faixa-etaria-a-partir-dos-44-anos\/","og_site_name":"DocX Corretora | Blog","article_published_time":"2025-11-08T14:13:54+00:00","article_modified_time":"2025-11-08T14:13:55+00:00","og_image":[{"width":2240,"height":1260,"url":"https:\/\/www.docxcorretora.com.br\/blog\/wp-content\/uploads\/2025\/11\/Prevent-Senior-plano-de-saude-sem-reajuste-por-faixa-etaria-a-partir-dos-44-anos.png","type":"image\/png"}],"author":"Marketing","twitter_card":"summary_large_image","twitter_misc":{"Escrito por":"Marketing","Est. tempo de leitura":"2 minutos"},"schema":{"@context":"https:\/\/schema.org","@graph":[{"@type":"WebPage","@id":"https:\/\/www.docxcorretora.com.br\/blog\/prevent-senior-plano-de-saude-sem-reajuste-por-faixa-etaria-a-partir-dos-44-anos\/","url":"https:\/\/www.docxcorretora.com.br\/blog\/prevent-senior-plano-de-saude-sem-reajuste-por-faixa-etaria-a-partir-dos-44-anos\/","name":"Prevent Senior: plano de sa\u00fade sem reajuste por faixa et\u00e1ria a partir dos 44 anos - DocX Corretora | Blog","isPartOf":{"@id":"https:\/\/www.docxcorretora.com.br\/blog\/#website"},"datePublished":"2025-11-08T14:13:54+00:00","dateModified":"2025-11-08T14:13:55+00:00","author":{"@id":"https:\/\/www.docxcorretora.com.br\/blog\/#\/schema\/person\/e921c7a20603fd679d93ae9e75ae4ebb"},"description":"Plano de sa\u00fade Prevent Senior sem reajuste por faixa et\u00e1ria a partir dos 44 anos. Mais previsibilidade, seguran\u00e7a e atendimento humanizado.","breadcrumb":{"@id":"https:\/\/www.docxcorretora.com.br\/blog\/prevent-senior-plano-de-saude-sem-reajuste-por-faixa-etaria-a-partir-dos-44-anos\/#breadcrumb"},"inLanguage":"pt-BR","potentialAction":[{"@type":"ReadAction","target":["https:\/\/www.docxcorretora.com.br\/blog\/prevent-senior-plano-de-saude-sem-reajuste-por-faixa-etaria-a-partir-dos-44-anos\/"]}]},{"@type":"BreadcrumbList","@id":"https:\/\/www.docxcorretora.com.br\/blog\/prevent-senior-plano-de-saude-sem-reajuste-por-faixa-etaria-a-partir-dos-44-anos\/#breadcrumb","itemListElement":[{"@type":"ListItem","position":1,"name":"In\u00edcio","item":"https:\/\/www.docxcorretora.com.br\/blog\/"},{"@type":"ListItem","position":2,"name":"Prevent Senior: plano de sa\u00fade sem reajuste por faixa et\u00e1ria a partir dos 44 anos"}]},{"@type":"WebSite","@id":"https:\/\/www.docxcorretora.com.br\/blog\/#website","url":"https:\/\/www.docxcorretora.com.br\/blog\/","name":"DocX Corretora | Blog","description":"Descubra o plano de sa\u00fade ideal para voc\u00ea, veja dicas de sa\u00fade e conhe\u00e7a outros tipos de seguro.","potentialAction":[{"@type":"SearchAction","target":{"@type":"EntryPoint","urlTemplate":"https:\/\/www.docxcorretora.com.br\/blog\/?s={search_term_string}"},"query-input":"required name=search_term_string"}],"inLanguage":"pt-BR"},{"@type":"Person","@id":"https:\/\/www.docxcorretora.com.br\/blog\/#\/schema\/person\/e921c7a20603fd679d93ae9e75ae4ebb","name":"Marketing","image":{"@type":"ImageObject","inLanguage":"pt-BR","@id":"https:\/\/www.docxcorretora.com.br\/blog\/#\/schema\/person\/image\/","url":"https:\/\/secure.gravatar.com\/avatar\/3f33c895958052e57e63da83e71a3def?s=96&d=mm&r=g","contentUrl":"https:\/\/secure.gravatar.com\/avatar\/3f33c895958052e57e63da83e71a3def?s=96&d=mm&r=g","caption":"Marketing"},"url":"https:\/\/www.docxcorretora.com.br\/blog\/author\/marketing\/"}]}},"jetpack_featured_media_url":"https:\/\/www.docxcorretora.com.br\/blog\/wp-content\/uploads\/2025\/11\/Prevent-Senior-plano-de-saude-sem-reajuste-por-faixa-etaria-a-partir-dos-44-anos.png","_links":{"self":[{"href":"https:\/\/www.docxcorretora.com.br\/blog\/wp-json\/wp\/v2\/posts\/1387"}],"collection":[{"href":"https:\/\/www.docxcorretora.com.br\/blog\/wp-json\/wp\/v2\/posts"}],"about":[{"href":"https:\/\/www.docxcorretora.com.br\/blog\/wp-json\/wp\/v2\/types\/post"}],"author":[{"embeddable":true,"href":"https:\/\/www.docxcorretora.com.br\/blog\/wp-json\/wp\/v2\/users\/10"}],"replies":[{"embeddable":true,"href":"https:\/\/www.docxcorretora.com.br\/blog\/wp-json\/wp\/v2\/comments?post=1387"}],"version-history":[{"count":1,"href":"https:\/\/www.docxcorretora.com.br\/blog\/wp-json\/wp\/v2\/posts\/1387\/revisions"}],"predecessor-version":[{"id":1389,"href":"https:\/\/www.docxcorretora.com.br\/blog\/wp-json\/wp\/v2\/posts\/1387\/revisions\/1389"}],"wp:featuredmedia":[{"embeddable":true,"href":"https:\/\/www.docxcorretora.com.br\/blog\/wp-json\/wp\/v2\/media\/1388"}],"wp:attachment":[{"href":"https:\/\/www.docxcorretora.com.br\/blog\/wp-json\/wp\/v2\/media?parent=1387"}],"wp:term":[{"taxonomy":"category","embeddable":true,"href":"https:\/\/www.docxcorretora.com.br\/blog\/wp-json\/wp\/v2\/categories?post=1387"},{"taxonomy":"post_tag","embeddable":true,"href":"https:\/\/www.docxcorretora.com.br\/blog\/wp-json\/wp\/v2\/tags?post=1387"}],"curies":[{"name":"wp","href":"https:\/\/api.w.org\/{rel}","templated":true}]}}