{"id":1476,"date":"2026-03-07T11:32:11","date_gmt":"2026-03-07T14:32:11","guid":{"rendered":"https:\/\/www.docxcorretora.com.br\/blog\/?p=1476"},"modified":"2026-03-07T11:32:13","modified_gmt":"2026-03-07T14:32:13","slug":"plano-de-saude-empresarial-o-que-e-como-funciona-e-quem-pode-contratar","status":"publish","type":"post","link":"https:\/\/www.docxcorretora.com.br\/blog\/plano-de-saude-empresarial-o-que-e-como-funciona-e-quem-pode-contratar\/","title":{"rendered":"Plano de sa\u00fade empresarial: o que \u00e9, como funciona e quem pode contratar"},"content":{"rendered":"\n<p>O <strong>plano de sa\u00fade empresarial<\/strong> \u00e9 hoje um dos modelos de assist\u00eancia m\u00e9dica mais contratados no Brasil. Isso acontece porque ele oferece <strong>melhor custo-benef\u00edcio em compara\u00e7\u00e3o aos planos individuais<\/strong>, al\u00e9m de permitir que empresas ofere\u00e7am um benef\u00edcio altamente valorizado pelos colaboradores.<\/p>\n\n\n\n<p>Para muitas organiza\u00e7\u00f5es, oferecer um <strong>conv\u00eanio m\u00e9dico empresarial<\/strong> deixou de ser apenas um diferencial e passou a ser uma estrat\u00e9gia importante para <strong>atra\u00e7\u00e3o, reten\u00e7\u00e3o de talentos e promo\u00e7\u00e3o do bem-estar dos funcion\u00e1rios<\/strong>.<\/p>\n\n\n\n<p>Neste artigo voc\u00ea vai entender <strong>o que \u00e9 o plano de sa\u00fade empresarial, quem pode contratar e como ele funciona na pr\u00e1tica<\/strong>.<\/p>\n\n\n\n<p>Fale com nossos especialistas e saiba qual plano \u00e9 o melhor para sua empresa<\/p>\n\n\n\n<div class=\"wp-block-jetpack-send-a-message\">\n<div class=\"wp-block-jetpack-whatsapp-button is-color-dark\"><a class=\"whatsapp-block__button\" href=\"https:\/\/api.whatsapp.com\/send?phone=5511983818365&amp;text=Oi%20vi%20no%20link%20quero%20saber%20sobre%20plano%20de%20sa%C3%BAde%20para%20empresa\" style=\"background-color:#25D366\" target=\"_blank\" rel=\"noopener noreferrer\">Conversar no WhatsApp<\/a><\/div>\n<\/div>\n\n\n\n<h2 class=\"wp-block-heading\">O que \u00e9 um plano de sa\u00fade empresarial<\/h2>\n\n\n\n<p>O <strong>plano de sa\u00fade empresarial<\/strong> \u00e9 um tipo de plano coletivo contratado por uma empresa para oferecer assist\u00eancia m\u00e9dica aos seus colaboradores e, em muitos casos, tamb\u00e9m aos seus dependentes.<\/p>\n\n\n\n<p>Esse modelo \u00e9 regulamentado pela <strong>ANS (Ag\u00eancia Nacional de Sa\u00fade Suplementar)<\/strong> e costuma ter <strong>valores mais acess\u00edveis<\/strong>, j\u00e1 que o contrato \u00e9 coletivo.<\/p>\n\n\n\n<h3 class=\"wp-block-heading\">Diferen\u00e7a entre plano empresarial e plano individual<\/h3>\n\n\n\n<p>A principal diferen\u00e7a est\u00e1 na forma de contrata\u00e7\u00e3o.<\/p>\n\n\n\n<p><strong>Plano individual ou familiar<\/strong><\/p>\n\n\n\n<ul>\n<li>contratado diretamente por uma pessoa f\u00edsica<\/li>\n\n\n\n<li>custos geralmente mais altos<\/li>\n\n\n\n<li>menos op\u00e7\u00f5es de operadoras no mercado<\/li>\n<\/ul>\n\n\n\n<p><strong>Plano coletivo empresarial<\/strong><\/p>\n\n\n\n<ul>\n<li>contratado por uma empresa com CNPJ<\/li>\n\n\n\n<li>valores mais competitivos<\/li>\n\n\n\n<li>maior variedade de operadoras e redes m\u00e9dicas<\/li>\n<\/ul>\n\n\n\n<p>Por isso, muitas pessoas que possuem empresa ou MEI optam por contratar um <strong>plano coletivo empresarial<\/strong> em vez do plano individual.<\/p>\n\n\n\n<h2 class=\"wp-block-heading\">Quem pode contratar um plano empresarial<\/h2>\n\n\n\n<p>Uma d\u00favida muito comum \u00e9 quem pode ter acesso a esse tipo de plano.<\/p>\n\n\n\n<p>Hoje, diferentes tipos de empresas podem contratar um <strong>plano de sa\u00fade para empresa<\/strong>, desde que possuam CNPJ ativo.<\/p>\n\n\n\n<h3 class=\"wp-block-heading\">Empresas com CNPJ<\/h3>\n\n\n\n<p>Empresas de pequeno, m\u00e9dio ou grande porte podem contratar o <strong>conv\u00eanio m\u00e9dico empresarial<\/strong> para oferecer aos seus funcion\u00e1rios como benef\u00edcio corporativo.<\/p>\n\n\n\n<p>Dependendo da operadora, tamb\u00e9m \u00e9 poss\u00edvel incluir <strong>s\u00f3cios e dependentes<\/strong> no plano.<\/p>\n\n\n\n<h3 class=\"wp-block-heading\">MEI (Microempreendedor Individual)<\/h3>\n\n\n\n<p>Sim, <strong>MEIs tamb\u00e9m podem contratar plano de sa\u00fade empresarial<\/strong>.<\/p>\n\n\n\n<p>Muitos profissionais aut\u00f4nomos utilizam esse modelo para obter <strong>valores mais acess\u00edveis do que os planos individuais<\/strong>.<\/p>\n\n\n\n<p>Normalmente as operadoras exigem que o <strong>CNPJ tenha pelo menos 6 meses de abertura<\/strong>, embora isso possa variar.<\/p>\n\n\n\n<h3 class=\"wp-block-heading\">Empresas com 2 vidas ou mais<\/h3>\n\n\n\n<p>A maioria das operadoras exige um m\u00ednimo de <strong>2 vidas no contrato<\/strong>, que podem ser:<\/p>\n\n\n\n<ul>\n<li>s\u00f3cios<\/li>\n\n\n\n<li>funcion\u00e1rios<\/li>\n\n\n\n<li>dependentes<\/li>\n<\/ul>\n\n\n\n<p>Por isso, mesmo empresas pequenas conseguem contratar um <strong>plano coletivo empresarial<\/strong>.<\/p>\n\n\n\n<h2 class=\"wp-block-heading\">Como funciona o plano de sa\u00fade empresarial<\/h2>\n\n\n\n<p>O funcionamento do <strong>plano de sa\u00fade empresarial<\/strong> \u00e9 bastante semelhante ao de outros planos m\u00e9dicos, mas com algumas caracter\u00edsticas espec\u00edficas.<\/p>\n\n\n\n<h3 class=\"wp-block-heading\">Mensalidade<\/h3>\n\n\n\n<p>A empresa paga uma <strong>mensalidade por benefici\u00e1rio<\/strong>, que pode ser custeada de diferentes formas:<\/p>\n\n\n\n<ul>\n<li>100% pago pela empresa<\/li>\n\n\n\n<li>dividido entre empresa e colaborador<\/li>\n\n\n\n<li>pago integralmente pelo funcion\u00e1rio<\/li>\n<\/ul>\n\n\n\n<p>Isso depende da <strong>pol\u00edtica de benef\u00edcios da empresa<\/strong>.<\/p>\n\n\n\n<h3 class=\"wp-block-heading\">Coparticipa\u00e7\u00e3o<\/h3>\n\n\n\n<p>Alguns planos possuem <strong>coparticipa\u00e7\u00e3o<\/strong>, que \u00e9 um valor pago pelo usu\u00e1rio ao utilizar determinados servi\u00e7os, como consultas ou exames.<\/p>\n\n\n\n<p>Esse modelo costuma ter <strong>mensalidades mais baixas<\/strong>, sendo uma op\u00e7\u00e3o interessante para empresas que buscam reduzir custos.<\/p>\n\n\n\n<h3 class=\"wp-block-heading\">Rede credenciada<\/h3>\n\n\n\n<p>Ao contratar um <strong>plano de sa\u00fade para empresa<\/strong>, os benefici\u00e1rios passam a ter acesso a uma <strong>rede credenciada<\/strong>, que pode incluir:<\/p>\n\n\n\n<ul>\n<li>hospitais<\/li>\n\n\n\n<li>cl\u00ednicas<\/li>\n\n\n\n<li>laborat\u00f3rios<\/li>\n\n\n\n<li>m\u00e9dicos especialistas<\/li>\n<\/ul>\n\n\n\n<p>A qualidade da rede varia conforme a operadora e o tipo de plano contratado.<\/p>\n\n\n\n<h2 class=\"wp-block-heading\">Principais vantagens para a empresa<\/h2>\n\n\n\n<p>Oferecer um <strong>conv\u00eanio m\u00e9dico empresarial<\/strong> pode trazer diversos benef\u00edcios estrat\u00e9gicos para a organiza\u00e7\u00e3o.<\/p>\n\n\n\n<h3 class=\"wp-block-heading\">Reten\u00e7\u00e3o de talentos<\/h3>\n\n\n\n<p>O plano de sa\u00fade \u00e9 considerado um dos <strong>benef\u00edcios mais valorizados pelos profissionais<\/strong>. Empresas que oferecem esse benef\u00edcio tendem a ter <strong>maior reten\u00e7\u00e3o de talentos<\/strong>.<\/p>\n\n\n\n<h3 class=\"wp-block-heading\">Benef\u00edcio altamente valorizado<\/h3>\n\n\n\n<p>Para muitos colaboradores, o plano de sa\u00fade \u00e9 um fator importante na decis\u00e3o de <strong>aceitar ou permanecer em um emprego<\/strong>.<\/p>\n\n\n\n<p>Isso ajuda a empresa a se tornar <strong>mais competitiva no mercado de trabalho<\/strong>.<\/p>\n\n\n\n<h3 class=\"wp-block-heading\">Possibilidade de dedu\u00e7\u00e3o fiscal<\/h3>\n\n\n\n<p>Dependendo do regime tribut\u00e1rio da empresa, os gastos com <strong>plano de sa\u00fade empresarial podem ser dedut\u00edveis<\/strong>, o que tamb\u00e9m traz vantagens financeiras.<\/p>\n\n\n\n<h2 class=\"wp-block-heading\">Vale a pena contratar um plano empresarial?<\/h2>\n\n\n\n<p>Na maioria dos casos, sim.<\/p>\n\n\n\n<p>O <strong>plano de sa\u00fade empresarial costuma oferecer melhor custo-benef\u00edcio<\/strong>, maior variedade de operadoras e mais op\u00e7\u00f5es de cobertura do que os planos individuais.<\/p>\n\n\n\n<p>Al\u00e9m disso, ele contribui para o <strong>bem-estar dos colaboradores<\/strong>, melhora o clima organizacional e fortalece a imagem da empresa como um bom lugar para trabalhar.<\/p>\n\n\n\n<p>Se voc\u00ea possui CNPJ, mesmo sendo <strong>MEI ou uma empresa pequena<\/strong>, vale a pena avaliar essa possibilidade.<\/p>\n\n\n\n<div class=\"wp-block-jetpack-send-a-message\">\n<div class=\"wp-block-jetpack-whatsapp-button is-color-dark\"><a class=\"whatsapp-block__button\" href=\"https:\/\/api.whatsapp.com\/send?phone=5511983818365&amp;text=Oi%20quero%20saber%20sobre%20plano%20de%20sa%C3%BAde%20empresarial%20\" style=\"background-color:#25D366\" target=\"_blank\" rel=\"noopener noreferrer\">Conversar no WhatsApp<\/a><\/div>\n<\/div>\n","protected":false},"excerpt":{"rendered":"<p>O plano de sa\u00fade empresarial \u00e9 hoje um dos modelos de assist\u00eancia m\u00e9dica mais contratados no Brasil. Isso acontece porque ele oferece melhor custo-benef\u00edcio em compara\u00e7\u00e3o aos planos individuais, al\u00e9m [&hellip;]<\/p>\n","protected":false},"author":10,"featured_media":1477,"comment_status":"closed","ping_status":"open","sticky":false,"template":"","format":"standard","meta":{"spay_email":""},"categories":[1],"tags":[4],"yoast_head":"<!-- This site is optimized with the Yoast SEO plugin v20.12 - https:\/\/yoast.com\/wordpress\/plugins\/seo\/ -->\n<title>Plano de sa\u00fade empresarial: o que \u00e9, como funciona e quem pode contratar - DocX Corretora | Blog<\/title>\n<meta name=\"description\" content=\"Entenda o que \u00e9 plano de sa\u00fade empresarial, quem pode contratar e quais s\u00e3o as vantagens desse modelo para empresas e colaboradores. Descubra como funciona e quando vale a pena contratar.\" \/>\n<meta name=\"robots\" content=\"index, follow, max-snippet:-1, max-image-preview:large, max-video-preview:-1\" \/>\n<link rel=\"canonical\" href=\"https:\/\/www.docxcorretora.com.br\/blog\/plano-de-saude-empresarial-o-que-e-como-funciona-e-quem-pode-contratar\/\" \/>\n<meta property=\"og:locale\" content=\"pt_BR\" \/>\n<meta property=\"og:type\" content=\"article\" \/>\n<meta property=\"og:title\" content=\"Plano de sa\u00fade empresarial: o que \u00e9, como funciona e quem pode contratar - DocX Corretora | Blog\" \/>\n<meta property=\"og:description\" content=\"Entenda o que \u00e9 plano de sa\u00fade empresarial, quem pode contratar e quais s\u00e3o as vantagens desse modelo para empresas e colaboradores. Descubra como funciona e quando vale a pena contratar.\" \/>\n<meta property=\"og:url\" content=\"https:\/\/www.docxcorretora.com.br\/blog\/plano-de-saude-empresarial-o-que-e-como-funciona-e-quem-pode-contratar\/\" \/>\n<meta property=\"og:site_name\" content=\"DocX Corretora | Blog\" \/>\n<meta property=\"article:published_time\" content=\"2026-03-07T14:32:11+00:00\" \/>\n<meta property=\"article:modified_time\" content=\"2026-03-07T14:32:13+00:00\" \/>\n<meta property=\"og:image\" content=\"https:\/\/www.docxcorretora.com.br\/blog\/wp-content\/uploads\/2026\/03\/Plano-de-saude-empresarial-.png\" \/>\n\t<meta property=\"og:image:width\" content=\"2240\" \/>\n\t<meta property=\"og:image:height\" content=\"1260\" \/>\n\t<meta property=\"og:image:type\" content=\"image\/png\" \/>\n<meta name=\"author\" content=\"Marketing\" \/>\n<meta name=\"twitter:card\" content=\"summary_large_image\" \/>\n<meta name=\"twitter:label1\" content=\"Escrito por\" \/>\n\t<meta name=\"twitter:data1\" content=\"Marketing\" \/>\n\t<meta name=\"twitter:label2\" content=\"Est. tempo de leitura\" \/>\n\t<meta name=\"twitter:data2\" content=\"5 minutos\" \/>\n<script type=\"application\/ld+json\" class=\"yoast-schema-graph\">{\"@context\":\"https:\/\/schema.org\",\"@graph\":[{\"@type\":\"WebPage\",\"@id\":\"https:\/\/www.docxcorretora.com.br\/blog\/plano-de-saude-empresarial-o-que-e-como-funciona-e-quem-pode-contratar\/\",\"url\":\"https:\/\/www.docxcorretora.com.br\/blog\/plano-de-saude-empresarial-o-que-e-como-funciona-e-quem-pode-contratar\/\",\"name\":\"Plano de sa\u00fade empresarial: o que \u00e9, como funciona e quem pode contratar - DocX Corretora | Blog\",\"isPartOf\":{\"@id\":\"https:\/\/www.docxcorretora.com.br\/blog\/#website\"},\"datePublished\":\"2026-03-07T14:32:11+00:00\",\"dateModified\":\"2026-03-07T14:32:13+00:00\",\"author\":{\"@id\":\"https:\/\/www.docxcorretora.com.br\/blog\/#\/schema\/person\/e921c7a20603fd679d93ae9e75ae4ebb\"},\"description\":\"Entenda o que \u00e9 plano de sa\u00fade empresarial, quem pode contratar e quais s\u00e3o as vantagens desse modelo para empresas e colaboradores. Descubra como funciona e quando vale a pena contratar.\",\"breadcrumb\":{\"@id\":\"https:\/\/www.docxcorretora.com.br\/blog\/plano-de-saude-empresarial-o-que-e-como-funciona-e-quem-pode-contratar\/#breadcrumb\"},\"inLanguage\":\"pt-BR\",\"potentialAction\":[{\"@type\":\"ReadAction\",\"target\":[\"https:\/\/www.docxcorretora.com.br\/blog\/plano-de-saude-empresarial-o-que-e-como-funciona-e-quem-pode-contratar\/\"]}]},{\"@type\":\"BreadcrumbList\",\"@id\":\"https:\/\/www.docxcorretora.com.br\/blog\/plano-de-saude-empresarial-o-que-e-como-funciona-e-quem-pode-contratar\/#breadcrumb\",\"itemListElement\":[{\"@type\":\"ListItem\",\"position\":1,\"name\":\"In\u00edcio\",\"item\":\"https:\/\/www.docxcorretora.com.br\/blog\/\"},{\"@type\":\"ListItem\",\"position\":2,\"name\":\"Plano de sa\u00fade empresarial: o que \u00e9, como funciona e quem pode contratar\"}]},{\"@type\":\"WebSite\",\"@id\":\"https:\/\/www.docxcorretora.com.br\/blog\/#website\",\"url\":\"https:\/\/www.docxcorretora.com.br\/blog\/\",\"name\":\"DocX Corretora | Blog\",\"description\":\"Descubra o plano de sa\u00fade ideal para voc\u00ea, veja dicas de sa\u00fade e conhe\u00e7a outros tipos de seguro.\",\"potentialAction\":[{\"@type\":\"SearchAction\",\"target\":{\"@type\":\"EntryPoint\",\"urlTemplate\":\"https:\/\/www.docxcorretora.com.br\/blog\/?s={search_term_string}\"},\"query-input\":\"required name=search_term_string\"}],\"inLanguage\":\"pt-BR\"},{\"@type\":\"Person\",\"@id\":\"https:\/\/www.docxcorretora.com.br\/blog\/#\/schema\/person\/e921c7a20603fd679d93ae9e75ae4ebb\",\"name\":\"Marketing\",\"image\":{\"@type\":\"ImageObject\",\"inLanguage\":\"pt-BR\",\"@id\":\"https:\/\/www.docxcorretora.com.br\/blog\/#\/schema\/person\/image\/\",\"url\":\"https:\/\/secure.gravatar.com\/avatar\/3f33c895958052e57e63da83e71a3def?s=96&d=mm&r=g\",\"contentUrl\":\"https:\/\/secure.gravatar.com\/avatar\/3f33c895958052e57e63da83e71a3def?s=96&d=mm&r=g\",\"caption\":\"Marketing\"},\"url\":\"https:\/\/www.docxcorretora.com.br\/blog\/author\/marketing\/\"}]}<\/script>\n<!-- \/ Yoast SEO plugin. -->","yoast_head_json":{"title":"Plano de sa\u00fade empresarial: o que \u00e9, como funciona e quem pode contratar - DocX Corretora | Blog","description":"Entenda o que \u00e9 plano de sa\u00fade empresarial, quem pode contratar e quais s\u00e3o as vantagens desse modelo para empresas e colaboradores. Descubra como funciona e quando vale a pena contratar.","robots":{"index":"index","follow":"follow","max-snippet":"max-snippet:-1","max-image-preview":"max-image-preview:large","max-video-preview":"max-video-preview:-1"},"canonical":"https:\/\/www.docxcorretora.com.br\/blog\/plano-de-saude-empresarial-o-que-e-como-funciona-e-quem-pode-contratar\/","og_locale":"pt_BR","og_type":"article","og_title":"Plano de sa\u00fade empresarial: o que \u00e9, como funciona e quem pode contratar - DocX Corretora | Blog","og_description":"Entenda o que \u00e9 plano de sa\u00fade empresarial, quem pode contratar e quais s\u00e3o as vantagens desse modelo para empresas e colaboradores. Descubra como funciona e quando vale a pena contratar.","og_url":"https:\/\/www.docxcorretora.com.br\/blog\/plano-de-saude-empresarial-o-que-e-como-funciona-e-quem-pode-contratar\/","og_site_name":"DocX Corretora | Blog","article_published_time":"2026-03-07T14:32:11+00:00","article_modified_time":"2026-03-07T14:32:13+00:00","og_image":[{"width":2240,"height":1260,"url":"https:\/\/www.docxcorretora.com.br\/blog\/wp-content\/uploads\/2026\/03\/Plano-de-saude-empresarial-.png","type":"image\/png"}],"author":"Marketing","twitter_card":"summary_large_image","twitter_misc":{"Escrito por":"Marketing","Est. tempo de leitura":"5 minutos"},"schema":{"@context":"https:\/\/schema.org","@graph":[{"@type":"WebPage","@id":"https:\/\/www.docxcorretora.com.br\/blog\/plano-de-saude-empresarial-o-que-e-como-funciona-e-quem-pode-contratar\/","url":"https:\/\/www.docxcorretora.com.br\/blog\/plano-de-saude-empresarial-o-que-e-como-funciona-e-quem-pode-contratar\/","name":"Plano de sa\u00fade empresarial: o que \u00e9, como funciona e quem pode contratar - DocX Corretora | Blog","isPartOf":{"@id":"https:\/\/www.docxcorretora.com.br\/blog\/#website"},"datePublished":"2026-03-07T14:32:11+00:00","dateModified":"2026-03-07T14:32:13+00:00","author":{"@id":"https:\/\/www.docxcorretora.com.br\/blog\/#\/schema\/person\/e921c7a20603fd679d93ae9e75ae4ebb"},"description":"Entenda o que \u00e9 plano de sa\u00fade empresarial, quem pode contratar e quais s\u00e3o as vantagens desse modelo para empresas e colaboradores. Descubra como funciona e quando vale a pena contratar.","breadcrumb":{"@id":"https:\/\/www.docxcorretora.com.br\/blog\/plano-de-saude-empresarial-o-que-e-como-funciona-e-quem-pode-contratar\/#breadcrumb"},"inLanguage":"pt-BR","potentialAction":[{"@type":"ReadAction","target":["https:\/\/www.docxcorretora.com.br\/blog\/plano-de-saude-empresarial-o-que-e-como-funciona-e-quem-pode-contratar\/"]}]},{"@type":"BreadcrumbList","@id":"https:\/\/www.docxcorretora.com.br\/blog\/plano-de-saude-empresarial-o-que-e-como-funciona-e-quem-pode-contratar\/#breadcrumb","itemListElement":[{"@type":"ListItem","position":1,"name":"In\u00edcio","item":"https:\/\/www.docxcorretora.com.br\/blog\/"},{"@type":"ListItem","position":2,"name":"Plano de sa\u00fade empresarial: o que \u00e9, como funciona e quem pode contratar"}]},{"@type":"WebSite","@id":"https:\/\/www.docxcorretora.com.br\/blog\/#website","url":"https:\/\/www.docxcorretora.com.br\/blog\/","name":"DocX Corretora | Blog","description":"Descubra o plano de sa\u00fade ideal para voc\u00ea, veja dicas de sa\u00fade e conhe\u00e7a outros tipos de seguro.","potentialAction":[{"@type":"SearchAction","target":{"@type":"EntryPoint","urlTemplate":"https:\/\/www.docxcorretora.com.br\/blog\/?s={search_term_string}"},"query-input":"required name=search_term_string"}],"inLanguage":"pt-BR"},{"@type":"Person","@id":"https:\/\/www.docxcorretora.com.br\/blog\/#\/schema\/person\/e921c7a20603fd679d93ae9e75ae4ebb","name":"Marketing","image":{"@type":"ImageObject","inLanguage":"pt-BR","@id":"https:\/\/www.docxcorretora.com.br\/blog\/#\/schema\/person\/image\/","url":"https:\/\/secure.gravatar.com\/avatar\/3f33c895958052e57e63da83e71a3def?s=96&d=mm&r=g","contentUrl":"https:\/\/secure.gravatar.com\/avatar\/3f33c895958052e57e63da83e71a3def?s=96&d=mm&r=g","caption":"Marketing"},"url":"https:\/\/www.docxcorretora.com.br\/blog\/author\/marketing\/"}]}},"jetpack_featured_media_url":"https:\/\/www.docxcorretora.com.br\/blog\/wp-content\/uploads\/2026\/03\/Plano-de-saude-empresarial-.png","_links":{"self":[{"href":"https:\/\/www.docxcorretora.com.br\/blog\/wp-json\/wp\/v2\/posts\/1476"}],"collection":[{"href":"https:\/\/www.docxcorretora.com.br\/blog\/wp-json\/wp\/v2\/posts"}],"about":[{"href":"https:\/\/www.docxcorretora.com.br\/blog\/wp-json\/wp\/v2\/types\/post"}],"author":[{"embeddable":true,"href":"https:\/\/www.docxcorretora.com.br\/blog\/wp-json\/wp\/v2\/users\/10"}],"replies":[{"embeddable":true,"href":"https:\/\/www.docxcorretora.com.br\/blog\/wp-json\/wp\/v2\/comments?post=1476"}],"version-history":[{"count":1,"href":"https:\/\/www.docxcorretora.com.br\/blog\/wp-json\/wp\/v2\/posts\/1476\/revisions"}],"predecessor-version":[{"id":1478,"href":"https:\/\/www.docxcorretora.com.br\/blog\/wp-json\/wp\/v2\/posts\/1476\/revisions\/1478"}],"wp:featuredmedia":[{"embeddable":true,"href":"https:\/\/www.docxcorretora.com.br\/blog\/wp-json\/wp\/v2\/media\/1477"}],"wp:attachment":[{"href":"https:\/\/www.docxcorretora.com.br\/blog\/wp-json\/wp\/v2\/media?parent=1476"}],"wp:term":[{"taxonomy":"category","embeddable":true,"href":"https:\/\/www.docxcorretora.com.br\/blog\/wp-json\/wp\/v2\/categories?post=1476"},{"taxonomy":"post_tag","embeddable":true,"href":"https:\/\/www.docxcorretora.com.br\/blog\/wp-json\/wp\/v2\/tags?post=1476"}],"curies":[{"name":"wp","href":"https:\/\/api.w.org\/{rel}","templated":true}]}}