{"id":1479,"date":"2026-03-09T10:00:00","date_gmt":"2026-03-09T13:00:00","guid":{"rendered":"https:\/\/www.docxcorretora.com.br\/blog\/?p=1479"},"modified":"2026-03-07T11:42:09","modified_gmt":"2026-03-07T14:42:09","slug":"quanto-custa-um-plano-de-saude-empresarial-em-2026","status":"publish","type":"post","link":"https:\/\/www.docxcorretora.com.br\/blog\/quanto-custa-um-plano-de-saude-empresarial-em-2026\/","title":{"rendered":"Quanto custa um plano de sa\u00fade empresarial em 2026?"},"content":{"rendered":"\n<p>Oferecer <strong>plano de sa\u00fade empresarial<\/strong> \u00e9 um dos benef\u00edcios mais valorizados pelos colaboradores atualmente. Al\u00e9m de contribuir para a qualidade de vida da equipe, tamb\u00e9m ajuda na reten\u00e7\u00e3o de talentos e no fortalecimento da marca empregadora.<\/p>\n\n\n\n<p>Mas uma d\u00favida comum entre empres\u00e1rios \u00e9: <strong>quanto custa um plano de sa\u00fade empresarial em 2026?<\/strong><\/p>\n\n\n\n<p>A resposta depende de v\u00e1rios fatores, como perfil da empresa, idade dos colaboradores, regi\u00e3o e tipo de cobertura escolhida. Neste artigo, vamos explicar <strong>o que influencia o pre\u00e7o do plano de sa\u00fade empresarial<\/strong>, apresentar <strong>faixas m\u00e9dias de valores<\/strong> e mostrar <strong>como reduzir custos na contrata\u00e7\u00e3o<\/strong>.<\/p>\n\n\n\n<p>Fale com nossos especialistas <\/p>\n\n\n\n<div class=\"wp-block-jetpack-send-a-message\">\n<div class=\"wp-block-jetpack-whatsapp-button is-color-dark\"><a class=\"whatsapp-block__button\" href=\"https:\/\/api.whatsapp.com\/send?phone=5511983818365&amp;text=Oi%20vi%20no%20link%20e%20quero%20saber%20quanto%20custa%20um%20plano%20de%20saude%20para%20empresa\" style=\"background-color:#25D366\" target=\"_blank\" rel=\"noopener noreferrer\">Conversar no WhatsApp<\/a><\/div>\n<\/div>\n\n\n\n<h2 class=\"wp-block-heading\">O que influencia o pre\u00e7o do plano<\/h2>\n\n\n\n<p>O <strong>valor do conv\u00eanio m\u00e9dico empresarial<\/strong> n\u00e3o \u00e9 fixo. As operadoras consideram diversos fatores antes de definir o pre\u00e7o final do plano.<\/p>\n\n\n\n<h3 class=\"wp-block-heading\">Idade dos colaboradores<\/h3>\n\n\n\n<p>A idade m\u00e9dia dos funcion\u00e1rios influencia diretamente o custo.<\/p>\n\n\n\n<h3 class=\"wp-block-heading\">Regi\u00e3o da empresa<\/h3>\n\n\n\n<p>A localiza\u00e7\u00e3o da empresa tamb\u00e9m impacta no <strong>pre\u00e7o do plano empresarial<\/strong>.<\/p>\n\n\n\n<p>Isso acontece porque cada regi\u00e3o possui:<\/p>\n\n\n\n<ul>\n<li>redes m\u00e9dicas diferentes<\/li>\n\n\n\n<li>custos hospitalares distintos<\/li>\n\n\n\n<li>disponibilidade de operadoras<\/li>\n<\/ul>\n\n\n\n<p>Grandes centros, como S\u00e3o Paulo, costumam oferecer mais op\u00e7\u00f5es de operadoras, o que permite <strong>maior competitividade de pre\u00e7os<\/strong>.<\/p>\n\n\n\n<h3 class=\"wp-block-heading\">Operadora escolhida<\/h3>\n\n\n\n<p>Cada operadora possui:<\/p>\n\n\n\n<ul>\n<li>rede hospitalar pr\u00f3pria ou credenciada<\/li>\n\n\n\n<li>abrang\u00eancia regional ou nacional<\/li>\n\n\n\n<li>n\u00edveis diferentes de cobertura<\/li>\n<\/ul>\n\n\n\n<p>Operadoras com redes hospitalares mais amplas ou com hospitais de alto padr\u00e3o geralmente possuem mensalidades mais altas.<\/p>\n\n\n\n<h3 class=\"wp-block-heading\">Tipo de acomoda\u00e7\u00e3o<\/h3>\n\n\n\n<p>Outro fator importante \u00e9 o tipo de acomoda\u00e7\u00e3o hospitalar:<\/p>\n\n\n\n<p><strong>Enfermaria<\/strong><\/p>\n\n\n\n<ul>\n<li>quarto compartilhado<\/li>\n\n\n\n<li>mensalidade mais acess\u00edvel<\/li>\n<\/ul>\n\n\n\n<p><strong>Apartamento<\/strong><\/p>\n\n\n\n<ul>\n<li>quarto individual<\/li>\n\n\n\n<li>maior conforto<\/li>\n\n\n\n<li>custo mais elevado<\/li>\n<\/ul>\n\n\n\n<p>Essa escolha impacta diretamente no <strong>valor do conv\u00eanio para empresas<\/strong>.<\/p>\n\n\n\n<h2 class=\"wp-block-heading\">Faixa m\u00e9dia de pre\u00e7os em 2026<\/h2>\n\n\n\n<p>Embora os valores possam variar bastante entre operadoras, \u00e9 poss\u00edvel considerar algumas <strong>faixas m\u00e9dias de pre\u00e7o para planos empresariais<\/strong>.<\/p>\n\n\n\n<h3 class=\"wp-block-heading\">PME \u2013 2 a 29 vidas<\/h3>\n\n\n\n<p>Empresas pequenas ou startups normalmente se enquadram nessa categoria.<\/p>\n\n\n\n<p>Faixa m\u00e9dia mensal por pessoa:<\/p>\n\n\n\n<ul>\n<li><strong>R$ 150 a R$ 350<\/strong> \u2013 planos regionais b\u00e1sicos<\/li>\n\n\n\n<li><strong>R$ 350 a R$ 700<\/strong> \u2013 planos intermedi\u00e1rios<\/li>\n\n\n\n<li><strong>R$ 700 a R$ 1.200+<\/strong> \u2013 planos premium ou com rede hospitalar ampla<\/li>\n\n\n\n<li>*Consulte condi\u00e7\u00f5es<\/li>\n<\/ul>\n\n\n\n<h3 class=\"wp-block-heading\">PME \u2013 30+ vidas<\/h3>\n\n\n\n<p>Empresas com mais colaboradores geralmente conseguem <strong>condi\u00e7\u00f5es comerciais melhores<\/strong>, pois o risco \u00e9 dilu\u00eddo entre mais pessoas.<\/p>\n\n\n\n<p>Faixa m\u00e9dia mensal por pessoa:<\/p>\n\n\n\n<ul>\n<li><strong>R$ 120 a R$ 300<\/strong> \u2013 planos regionais<\/li>\n\n\n\n<li><strong>R$ 300 a R$ 600<\/strong> \u2013 planos intermedi\u00e1rios<\/li>\n\n\n\n<li><strong>R$ 600 a R$ 1.000+<\/strong> \u2013 planos nacionais ou premium<\/li>\n<\/ul>\n\n\n\n<p>Vale lembrar que <strong>os valores variam de acordo com idade m\u00e9dia, cobertura e operadora<\/strong>.<\/p>\n\n\n\n<h2 class=\"wp-block-heading\">Plano com coparticipa\u00e7\u00e3o \u00e9 mais barato?<\/h2>\n\n\n\n<p>Sim, geralmente <strong>planos com coparticipa\u00e7\u00e3o possuem mensalidades mais baixas<\/strong>.<\/p>\n\n\n\n<p>Nesse modelo:<\/p>\n\n\n\n<ul>\n<li>a empresa paga uma mensalidade menor<\/li>\n\n\n\n<li>o colaborador paga uma pequena taxa quando utiliza consultas ou exames<\/li>\n<\/ul>\n\n\n\n<p>Por exemplo:<\/p>\n\n\n\n<ul>\n<li>consulta m\u00e9dica: R$ 20 a R$ 40<\/li>\n\n\n\n<li>exames simples: pequena taxa adicional<\/li>\n<\/ul>\n\n\n\n<p>Esse formato ajuda a:<\/p>\n\n\n\n<ul>\n<li>reduzir o custo do plano<\/li>\n\n\n\n<li>evitar uso excessivo<\/li>\n\n\n\n<li>manter o benef\u00edcio acess\u00edvel para a empresa<\/li>\n<\/ul>\n\n\n\n<p>Por isso, muitas empresas optam pelo <strong>plano de sa\u00fade PME com coparticipa\u00e7\u00e3o<\/strong>.<\/p>\n\n\n\n<h2 class=\"wp-block-heading\">Como fazer uma cota\u00e7\u00e3o correta<\/h2>\n\n\n\n<p>Para encontrar o <strong>melhor pre\u00e7o de plano de sa\u00fade empresarial<\/strong>, o ideal \u00e9 realizar uma cota\u00e7\u00e3o completa com base em alguns dados:<\/p>\n\n\n\n<ul>\n<li>n\u00famero de colaboradores<\/li>\n\n\n\n<li>faixa et\u00e1ria da equipe<\/li>\n\n\n\n<li>cidade da empresa<\/li>\n\n\n\n<li>tipo de acomoda\u00e7\u00e3o desejada<\/li>\n\n\n\n<li>interesse ou n\u00e3o em coparticipa\u00e7\u00e3o<\/li>\n<\/ul>\n\n\n\n<p>Com essas informa\u00e7\u00f5es, \u00e9 poss\u00edvel comparar diferentes operadoras e identificar <strong>o plano empresarial com melhor custo-benef\u00edcio para a empresa e para os colaboradores<\/strong>.<\/p>\n\n\n\n<p>Se voc\u00ea quer entender <strong>quanto custa um plano de sa\u00fade empresarial para a sua empresa<\/strong>, o ideal \u00e9 solicitar uma cota\u00e7\u00e3o personalizada com um especialista.<\/p>\n\n\n\n<p>Assim, voc\u00ea garante uma an\u00e1lise completa e encontra a melhor solu\u00e7\u00e3o para o seu neg\u00f3cio.<\/p>\n\n\n\n<p>Fale com a nossa equipe e receba o seu or\u00e7amento <\/p>\n\n\n\n<div class=\"wp-block-jetpack-send-a-message\">\n<div class=\"wp-block-jetpack-whatsapp-button is-color-dark\"><a class=\"whatsapp-block__button\" href=\"https:\/\/api.whatsapp.com\/send?phone=5511983818365&amp;text=oi%20vi%20no%20link%20quero%20saber%20sobre%20plano%20de%20sa%C3%BAde%20para%20empresa\" style=\"background-color:#25D366\" target=\"_blank\" rel=\"noopener noreferrer\">Conversar no WhatsApp<\/a><\/div>\n<\/div>\n","protected":false},"excerpt":{"rendered":"<p>Oferecer plano de sa\u00fade empresarial \u00e9 um dos benef\u00edcios mais valorizados pelos colaboradores atualmente. Al\u00e9m de contribuir para a qualidade de vida da equipe, tamb\u00e9m ajuda na reten\u00e7\u00e3o de talentos [&hellip;]<\/p>\n","protected":false},"author":10,"featured_media":1480,"comment_status":"closed","ping_status":"open","sticky":false,"template":"","format":"standard","meta":{"spay_email":""},"categories":[3],"tags":[4],"yoast_head":"<!-- This site is optimized with the Yoast SEO plugin v20.12 - https:\/\/yoast.com\/wordpress\/plugins\/seo\/ -->\n<title>Quanto custa um plano de sa\u00fade empresarial em 2026? - DocX Corretora | Blog<\/title>\n<meta name=\"description\" content=\"Descubra quanto custa um plano de sa\u00fade empresarial em 2026, quais fatores influenciam o pre\u00e7o e como reduzir custos na contrata\u00e7\u00e3o do conv\u00eanio m\u00e9dico para sua empresa.\" \/>\n<meta name=\"robots\" content=\"index, follow, max-snippet:-1, max-image-preview:large, max-video-preview:-1\" \/>\n<link rel=\"canonical\" href=\"https:\/\/www.docxcorretora.com.br\/blog\/quanto-custa-um-plano-de-saude-empresarial-em-2026\/\" \/>\n<meta property=\"og:locale\" content=\"pt_BR\" \/>\n<meta property=\"og:type\" content=\"article\" \/>\n<meta property=\"og:title\" content=\"Quanto custa um plano de sa\u00fade empresarial em 2026? - DocX Corretora | Blog\" \/>\n<meta property=\"og:description\" content=\"Descubra quanto custa um plano de sa\u00fade empresarial em 2026, quais fatores influenciam o pre\u00e7o e como reduzir custos na contrata\u00e7\u00e3o do conv\u00eanio m\u00e9dico para sua empresa.\" \/>\n<meta property=\"og:url\" content=\"https:\/\/www.docxcorretora.com.br\/blog\/quanto-custa-um-plano-de-saude-empresarial-em-2026\/\" \/>\n<meta property=\"og:site_name\" content=\"DocX Corretora | Blog\" \/>\n<meta property=\"article:published_time\" content=\"2026-03-09T13:00:00+00:00\" \/>\n<meta property=\"article:modified_time\" content=\"2026-03-07T14:42:09+00:00\" \/>\n<meta property=\"og:image\" content=\"https:\/\/www.docxcorretora.com.br\/blog\/wp-content\/uploads\/2026\/03\/Quanto-custa-um-plano-de-saude-empresarial-em-2026.png\" \/>\n\t<meta property=\"og:image:width\" content=\"2240\" \/>\n\t<meta property=\"og:image:height\" content=\"1260\" \/>\n\t<meta property=\"og:image:type\" content=\"image\/png\" \/>\n<meta name=\"author\" content=\"Marketing\" \/>\n<meta name=\"twitter:card\" content=\"summary_large_image\" \/>\n<meta name=\"twitter:label1\" content=\"Escrito por\" \/>\n\t<meta name=\"twitter:data1\" content=\"Marketing\" \/>\n\t<meta name=\"twitter:label2\" content=\"Est. tempo de leitura\" \/>\n\t<meta name=\"twitter:data2\" content=\"4 minutos\" \/>\n<script type=\"application\/ld+json\" class=\"yoast-schema-graph\">{\"@context\":\"https:\/\/schema.org\",\"@graph\":[{\"@type\":\"WebPage\",\"@id\":\"https:\/\/www.docxcorretora.com.br\/blog\/quanto-custa-um-plano-de-saude-empresarial-em-2026\/\",\"url\":\"https:\/\/www.docxcorretora.com.br\/blog\/quanto-custa-um-plano-de-saude-empresarial-em-2026\/\",\"name\":\"Quanto custa um plano de sa\u00fade empresarial em 2026? - DocX Corretora | Blog\",\"isPartOf\":{\"@id\":\"https:\/\/www.docxcorretora.com.br\/blog\/#website\"},\"datePublished\":\"2026-03-09T13:00:00+00:00\",\"dateModified\":\"2026-03-07T14:42:09+00:00\",\"author\":{\"@id\":\"https:\/\/www.docxcorretora.com.br\/blog\/#\/schema\/person\/e921c7a20603fd679d93ae9e75ae4ebb\"},\"description\":\"Descubra quanto custa um plano de sa\u00fade empresarial em 2026, quais fatores influenciam o pre\u00e7o e como reduzir custos na contrata\u00e7\u00e3o do conv\u00eanio m\u00e9dico para sua empresa.\",\"breadcrumb\":{\"@id\":\"https:\/\/www.docxcorretora.com.br\/blog\/quanto-custa-um-plano-de-saude-empresarial-em-2026\/#breadcrumb\"},\"inLanguage\":\"pt-BR\",\"potentialAction\":[{\"@type\":\"ReadAction\",\"target\":[\"https:\/\/www.docxcorretora.com.br\/blog\/quanto-custa-um-plano-de-saude-empresarial-em-2026\/\"]}]},{\"@type\":\"BreadcrumbList\",\"@id\":\"https:\/\/www.docxcorretora.com.br\/blog\/quanto-custa-um-plano-de-saude-empresarial-em-2026\/#breadcrumb\",\"itemListElement\":[{\"@type\":\"ListItem\",\"position\":1,\"name\":\"In\u00edcio\",\"item\":\"https:\/\/www.docxcorretora.com.br\/blog\/\"},{\"@type\":\"ListItem\",\"position\":2,\"name\":\"Quanto custa um plano de sa\u00fade empresarial em 2026?\"}]},{\"@type\":\"WebSite\",\"@id\":\"https:\/\/www.docxcorretora.com.br\/blog\/#website\",\"url\":\"https:\/\/www.docxcorretora.com.br\/blog\/\",\"name\":\"DocX Corretora | Blog\",\"description\":\"Descubra o plano de sa\u00fade ideal para voc\u00ea, veja dicas de sa\u00fade e conhe\u00e7a outros tipos de seguro.\",\"potentialAction\":[{\"@type\":\"SearchAction\",\"target\":{\"@type\":\"EntryPoint\",\"urlTemplate\":\"https:\/\/www.docxcorretora.com.br\/blog\/?s={search_term_string}\"},\"query-input\":\"required name=search_term_string\"}],\"inLanguage\":\"pt-BR\"},{\"@type\":\"Person\",\"@id\":\"https:\/\/www.docxcorretora.com.br\/blog\/#\/schema\/person\/e921c7a20603fd679d93ae9e75ae4ebb\",\"name\":\"Marketing\",\"image\":{\"@type\":\"ImageObject\",\"inLanguage\":\"pt-BR\",\"@id\":\"https:\/\/www.docxcorretora.com.br\/blog\/#\/schema\/person\/image\/\",\"url\":\"https:\/\/secure.gravatar.com\/avatar\/3f33c895958052e57e63da83e71a3def?s=96&d=mm&r=g\",\"contentUrl\":\"https:\/\/secure.gravatar.com\/avatar\/3f33c895958052e57e63da83e71a3def?s=96&d=mm&r=g\",\"caption\":\"Marketing\"},\"url\":\"https:\/\/www.docxcorretora.com.br\/blog\/author\/marketing\/\"}]}<\/script>\n<!-- \/ Yoast SEO plugin. -->","yoast_head_json":{"title":"Quanto custa um plano de sa\u00fade empresarial em 2026? - DocX Corretora | Blog","description":"Descubra quanto custa um plano de sa\u00fade empresarial em 2026, quais fatores influenciam o pre\u00e7o e como reduzir custos na contrata\u00e7\u00e3o do conv\u00eanio m\u00e9dico para sua empresa.","robots":{"index":"index","follow":"follow","max-snippet":"max-snippet:-1","max-image-preview":"max-image-preview:large","max-video-preview":"max-video-preview:-1"},"canonical":"https:\/\/www.docxcorretora.com.br\/blog\/quanto-custa-um-plano-de-saude-empresarial-em-2026\/","og_locale":"pt_BR","og_type":"article","og_title":"Quanto custa um plano de sa\u00fade empresarial em 2026? - DocX Corretora | Blog","og_description":"Descubra quanto custa um plano de sa\u00fade empresarial em 2026, quais fatores influenciam o pre\u00e7o e como reduzir custos na contrata\u00e7\u00e3o do conv\u00eanio m\u00e9dico para sua empresa.","og_url":"https:\/\/www.docxcorretora.com.br\/blog\/quanto-custa-um-plano-de-saude-empresarial-em-2026\/","og_site_name":"DocX Corretora | Blog","article_published_time":"2026-03-09T13:00:00+00:00","article_modified_time":"2026-03-07T14:42:09+00:00","og_image":[{"width":2240,"height":1260,"url":"https:\/\/www.docxcorretora.com.br\/blog\/wp-content\/uploads\/2026\/03\/Quanto-custa-um-plano-de-saude-empresarial-em-2026.png","type":"image\/png"}],"author":"Marketing","twitter_card":"summary_large_image","twitter_misc":{"Escrito por":"Marketing","Est. tempo de leitura":"4 minutos"},"schema":{"@context":"https:\/\/schema.org","@graph":[{"@type":"WebPage","@id":"https:\/\/www.docxcorretora.com.br\/blog\/quanto-custa-um-plano-de-saude-empresarial-em-2026\/","url":"https:\/\/www.docxcorretora.com.br\/blog\/quanto-custa-um-plano-de-saude-empresarial-em-2026\/","name":"Quanto custa um plano de sa\u00fade empresarial em 2026? - DocX Corretora | Blog","isPartOf":{"@id":"https:\/\/www.docxcorretora.com.br\/blog\/#website"},"datePublished":"2026-03-09T13:00:00+00:00","dateModified":"2026-03-07T14:42:09+00:00","author":{"@id":"https:\/\/www.docxcorretora.com.br\/blog\/#\/schema\/person\/e921c7a20603fd679d93ae9e75ae4ebb"},"description":"Descubra quanto custa um plano de sa\u00fade empresarial em 2026, quais fatores influenciam o pre\u00e7o e como reduzir custos na contrata\u00e7\u00e3o do conv\u00eanio m\u00e9dico para sua empresa.","breadcrumb":{"@id":"https:\/\/www.docxcorretora.com.br\/blog\/quanto-custa-um-plano-de-saude-empresarial-em-2026\/#breadcrumb"},"inLanguage":"pt-BR","potentialAction":[{"@type":"ReadAction","target":["https:\/\/www.docxcorretora.com.br\/blog\/quanto-custa-um-plano-de-saude-empresarial-em-2026\/"]}]},{"@type":"BreadcrumbList","@id":"https:\/\/www.docxcorretora.com.br\/blog\/quanto-custa-um-plano-de-saude-empresarial-em-2026\/#breadcrumb","itemListElement":[{"@type":"ListItem","position":1,"name":"In\u00edcio","item":"https:\/\/www.docxcorretora.com.br\/blog\/"},{"@type":"ListItem","position":2,"name":"Quanto custa um plano de sa\u00fade empresarial em 2026?"}]},{"@type":"WebSite","@id":"https:\/\/www.docxcorretora.com.br\/blog\/#website","url":"https:\/\/www.docxcorretora.com.br\/blog\/","name":"DocX Corretora | Blog","description":"Descubra o plano de sa\u00fade ideal para voc\u00ea, veja dicas de sa\u00fade e conhe\u00e7a outros tipos de seguro.","potentialAction":[{"@type":"SearchAction","target":{"@type":"EntryPoint","urlTemplate":"https:\/\/www.docxcorretora.com.br\/blog\/?s={search_term_string}"},"query-input":"required name=search_term_string"}],"inLanguage":"pt-BR"},{"@type":"Person","@id":"https:\/\/www.docxcorretora.com.br\/blog\/#\/schema\/person\/e921c7a20603fd679d93ae9e75ae4ebb","name":"Marketing","image":{"@type":"ImageObject","inLanguage":"pt-BR","@id":"https:\/\/www.docxcorretora.com.br\/blog\/#\/schema\/person\/image\/","url":"https:\/\/secure.gravatar.com\/avatar\/3f33c895958052e57e63da83e71a3def?s=96&d=mm&r=g","contentUrl":"https:\/\/secure.gravatar.com\/avatar\/3f33c895958052e57e63da83e71a3def?s=96&d=mm&r=g","caption":"Marketing"},"url":"https:\/\/www.docxcorretora.com.br\/blog\/author\/marketing\/"}]}},"jetpack_featured_media_url":"https:\/\/www.docxcorretora.com.br\/blog\/wp-content\/uploads\/2026\/03\/Quanto-custa-um-plano-de-saude-empresarial-em-2026.png","_links":{"self":[{"href":"https:\/\/www.docxcorretora.com.br\/blog\/wp-json\/wp\/v2\/posts\/1479"}],"collection":[{"href":"https:\/\/www.docxcorretora.com.br\/blog\/wp-json\/wp\/v2\/posts"}],"about":[{"href":"https:\/\/www.docxcorretora.com.br\/blog\/wp-json\/wp\/v2\/types\/post"}],"author":[{"embeddable":true,"href":"https:\/\/www.docxcorretora.com.br\/blog\/wp-json\/wp\/v2\/users\/10"}],"replies":[{"embeddable":true,"href":"https:\/\/www.docxcorretora.com.br\/blog\/wp-json\/wp\/v2\/comments?post=1479"}],"version-history":[{"count":1,"href":"https:\/\/www.docxcorretora.com.br\/blog\/wp-json\/wp\/v2\/posts\/1479\/revisions"}],"predecessor-version":[{"id":1481,"href":"https:\/\/www.docxcorretora.com.br\/blog\/wp-json\/wp\/v2\/posts\/1479\/revisions\/1481"}],"wp:featuredmedia":[{"embeddable":true,"href":"https:\/\/www.docxcorretora.com.br\/blog\/wp-json\/wp\/v2\/media\/1480"}],"wp:attachment":[{"href":"https:\/\/www.docxcorretora.com.br\/blog\/wp-json\/wp\/v2\/media?parent=1479"}],"wp:term":[{"taxonomy":"category","embeddable":true,"href":"https:\/\/www.docxcorretora.com.br\/blog\/wp-json\/wp\/v2\/categories?post=1479"},{"taxonomy":"post_tag","embeddable":true,"href":"https:\/\/www.docxcorretora.com.br\/blog\/wp-json\/wp\/v2\/tags?post=1479"}],"curies":[{"name":"wp","href":"https:\/\/api.w.org\/{rel}","templated":true}]}}