{"id":1482,"date":"2026-03-10T10:00:00","date_gmt":"2026-03-10T13:00:00","guid":{"rendered":"https:\/\/www.docxcorretora.com.br\/blog\/?p=1482"},"modified":"2026-03-07T11:58:31","modified_gmt":"2026-03-07T14:58:31","slug":"plano-de-saude-empresarial-ou-individual-qual-vale-mais-a-pena","status":"publish","type":"post","link":"https:\/\/www.docxcorretora.com.br\/blog\/plano-de-saude-empresarial-ou-individual-qual-vale-mais-a-pena\/","title":{"rendered":"Plano de sa\u00fade empresarial ou individual: qual vale mais a pena?"},"content":{"rendered":"\n<p>Escolher entre <strong>plano de sa\u00fade empresarial ou individual<\/strong> \u00e9 uma das d\u00favidas mais comuns de quem busca atendimento m\u00e9dico de qualidade sem comprometer o or\u00e7amento.<\/p>\n\n\n\n<p>Embora os dois modelos ofere\u00e7am cobertura m\u00e9dica, existem diferen\u00e7as importantes em rela\u00e7\u00e3o a <strong>pre\u00e7o, regras de reajuste e forma de contrata\u00e7\u00e3o<\/strong>.<\/p>\n\n\n\n<p>Neste artigo voc\u00ea vai entender:<\/p>\n\n\n\n<ul>\n<li>Qual a diferen\u00e7a entre plano individual e empresarial<\/li>\n\n\n\n<li>Por que o plano empresarial costuma ser mais barato<\/li>\n\n\n\n<li>Quando o plano individual pode valer a pena<\/li>\n\n\n\n<li>Se pequenas empresas e MEI podem contratar<\/li>\n\n\n\n<li>Como escolher o melhor plano para sua realidade<\/li>\n<\/ul>\n\n\n\n<p>Fale com nossos especialistas <\/p>\n\n\n\n<div class=\"wp-block-jetpack-send-a-message\">\n<div class=\"wp-block-jetpack-whatsapp-button is-color-dark\"><a class=\"whatsapp-block__button\" href=\"https:\/\/api.whatsapp.com\/send?phone=5511983818365&amp;text=Oi%20vi%20no%20link%20quero%20saber%20sobre%20plano%20de%20saude%20para%20empresa\" style=\"background-color:#25D366\" target=\"_blank\" rel=\"noopener noreferrer\">Conversar no WhatsApp<\/a><\/div>\n<\/div>\n\n\n\n<h2 class=\"wp-block-heading\">Diferen\u00e7a entre plano individual e empresarial<\/h2>\n\n\n\n<p>A principal diferen\u00e7a entre os dois modelos est\u00e1 <strong>na forma de contrata\u00e7\u00e3o e nas regras definidas pela ANS (Ag\u00eancia Nacional de Sa\u00fade Suplementar)<\/strong>.<\/p>\n\n\n\n<p>Veja a compara\u00e7\u00e3o:<\/p>\n\n\n\n<figure class=\"wp-block-table\"><table><thead><tr><th>Tipo<\/th><th>Quem pode contratar<\/th><th>Reajuste<\/th><th>Pre\u00e7o<\/th><\/tr><\/thead><tbody><tr><td><strong>Plano individual<\/strong><\/td><td>Pessoa f\u00edsica diretamente com a operadora<\/td><td>Regulamentado pela ANS<\/td><td>Geralmente mais alto<\/td><\/tr><tr><td><strong>Plano empresarial<\/strong><\/td><td>Empresas com CNPJ (inclusive MEI)<\/td><td>Definido pela operadora e contrato<\/td><td>Normalmente mais barato<\/td><\/tr><\/tbody><\/table><\/figure>\n\n\n\n<p>No plano empresarial, o contrato \u00e9 coletivo, o que permite <strong>condi\u00e7\u00f5es mais competitivas e valores reduzidos<\/strong> em compara\u00e7\u00e3o ao plano individual.<\/p>\n\n\n\n<h2 class=\"wp-block-heading\">Por que o plano empresarial costuma ser mais barato<\/h2>\n\n\n\n<p>Um dos principais motivos que levam muitas pessoas a escolherem o <strong>plano empresarial<\/strong> \u00e9 o custo.<\/p>\n\n\n\n<p>Isso acontece porque:<\/p>\n\n\n\n<ul>\n<li>O contrato \u00e9 <strong>coletivo<\/strong>, diluindo o risco entre mais pessoas<\/li>\n\n\n\n<li>Operadoras oferecem <strong>condi\u00e7\u00f5es comerciais melhores para empresas<\/strong><\/li>\n\n\n\n<li>Existe <strong>maior concorr\u00eancia nesse tipo de plano<\/strong><\/li>\n<\/ul>\n\n\n\n<p>Em muitos casos, o valor de um plano empresarial pode ser <strong>at\u00e9 30% ou 40% mais barato<\/strong> do que um plano individual equivalente.<\/p>\n\n\n\n<p>Por isso, muitas pessoas que possuem <strong>MEI ou empresa aberta<\/strong> optam por contratar o plano empresarial.<\/p>\n\n\n\n<h2 class=\"wp-block-heading\">Quando o plano individual pode valer a pena<\/h2>\n\n\n\n<p>Apesar de geralmente ser mais caro, o plano individual tamb\u00e9m possui vantagens.<\/p>\n\n\n\n<p>Ele pode valer a pena quando:<\/p>\n\n\n\n<ul>\n<li>A pessoa <strong>n\u00e3o possui CNPJ<\/strong><\/li>\n\n\n\n<li>Prefere <strong>regras de reajuste controladas pela ANS<\/strong><\/li>\n\n\n\n<li>Busca um contrato <strong>mais est\u00e1vel ao longo dos anos<\/strong><\/li>\n<\/ul>\n\n\n\n<p>Nos planos individuais, os reajustes anuais seguem limites estabelecidos pela ANS, o que traz mais previsibilidade.<\/p>\n\n\n\n<h2 class=\"wp-block-heading\">Empresas pequenas tamb\u00e9m podem contratar<\/h2>\n\n\n\n<p>Muita gente n\u00e3o sabe, mas <strong>n\u00e3o \u00e9 necess\u00e1rio ter uma grande empresa para contratar um plano empresarial<\/strong>. O CNPJ precisa estar ativo por pelo menos 6 meses. <\/p>\n\n\n\n<p>Hoje, <strong>MEIs e pequenas empresas<\/strong> tamb\u00e9m podem contratar planos de sa\u00fade empresariais.<\/p>\n\n\n\n<p>Normalmente \u00e9 poss\u00edvel contratar a partir de:<\/p>\n\n\n\n<ul>\n<li><strong>1 vida (MEI)<\/strong> em algumas operadoras<\/li>\n\n\n\n<li><strong>2 ou 3 vidas<\/strong> em planos PME<\/li>\n\n\n\n<li>Inclus\u00e3o de <strong>s\u00f3cios e dependentes<\/strong><\/li>\n<\/ul>\n\n\n\n<p>Isso faz com que o plano empresarial seja uma alternativa interessante para:<\/p>\n\n\n\n<ul>\n<li>Profissionais aut\u00f4nomos<\/li>\n\n\n\n<li>Pequenos empreendedores<\/li>\n\n\n\n<li>Startups<\/li>\n\n\n\n<li>Empresas familiares<\/li>\n<\/ul>\n\n\n\n<p>Na maioria dos casos, o <strong>plano de sa\u00fade empresarial acaba sendo mais vantajoso<\/strong> por oferecer pre\u00e7os menores e mais op\u00e7\u00f5es de operadoras.<\/p>\n\n\n\n<p>No entanto, o plano individual pode ser uma boa alternativa para quem n\u00e3o possui empresa ou prefere um contrato com regras de reajuste definidas pela ANS.<\/p>\n\n\n\n<p>O mais importante \u00e9 analisar o seu perfil e escolher o plano que ofere\u00e7a <strong>equil\u00edbrio entre custo, cobertura e qualidade de atendimento<\/strong>.<\/p>\n\n\n\n<p>Conte com nossa equipe para te apoiar nessa escolha<\/p>\n\n\n\n<div class=\"wp-block-jetpack-send-a-message\">\n<div class=\"wp-block-jetpack-whatsapp-button is-color-dark\"><a class=\"whatsapp-block__button\" href=\"https:\/\/api.whatsapp.com\/send?phone=5511983818365&amp;text=Oi%20vi%20no%20link%20quero%20saber%20sobre%20plano%20de%20saude.%20\" style=\"background-color:#25D366\" target=\"_blank\" rel=\"noopener noreferrer\">Conversar no WhatsApp<\/a><\/div>\n<\/div>\n","protected":false},"excerpt":{"rendered":"<p>Escolher entre plano de sa\u00fade empresarial ou individual \u00e9 uma das d\u00favidas mais comuns de quem busca atendimento m\u00e9dico de qualidade sem comprometer o or\u00e7amento. Embora os dois modelos ofere\u00e7am [&hellip;]<\/p>\n","protected":false},"author":10,"featured_media":1483,"comment_status":"closed","ping_status":"open","sticky":false,"template":"","format":"standard","meta":{"spay_email":""},"categories":[3],"tags":[4],"yoast_head":"<!-- This site is optimized with the Yoast SEO plugin v20.12 - https:\/\/yoast.com\/wordpress\/plugins\/seo\/ -->\n<title>Plano de sa\u00fade empresarial ou individual: qual vale mais a pena? - DocX Corretora | Blog<\/title>\n<meta name=\"description\" content=\"Entenda as diferen\u00e7as entre plano de sa\u00fade empresarial e individual, compare pre\u00e7os, reajustes e saiba qual modelo vale mais a pena para voc\u00ea ou sua empresa.\" \/>\n<meta name=\"robots\" content=\"index, follow, max-snippet:-1, max-image-preview:large, max-video-preview:-1\" \/>\n<link rel=\"canonical\" href=\"https:\/\/www.docxcorretora.com.br\/blog\/plano-de-saude-empresarial-ou-individual-qual-vale-mais-a-pena\/\" \/>\n<meta property=\"og:locale\" content=\"pt_BR\" \/>\n<meta property=\"og:type\" content=\"article\" \/>\n<meta property=\"og:title\" content=\"Plano de sa\u00fade empresarial ou individual: qual vale mais a pena? - DocX Corretora | Blog\" \/>\n<meta property=\"og:description\" content=\"Entenda as diferen\u00e7as entre plano de sa\u00fade empresarial e individual, compare pre\u00e7os, reajustes e saiba qual modelo vale mais a pena para voc\u00ea ou sua empresa.\" \/>\n<meta property=\"og:url\" content=\"https:\/\/www.docxcorretora.com.br\/blog\/plano-de-saude-empresarial-ou-individual-qual-vale-mais-a-pena\/\" \/>\n<meta property=\"og:site_name\" content=\"DocX Corretora | Blog\" \/>\n<meta property=\"article:published_time\" content=\"2026-03-10T13:00:00+00:00\" \/>\n<meta property=\"article:modified_time\" content=\"2026-03-07T14:58:31+00:00\" \/>\n<meta property=\"og:image\" content=\"https:\/\/www.docxcorretora.com.br\/blog\/wp-content\/uploads\/2026\/03\/Plano-de-saude-empresarial-ou-individual-qual-vale-mais-a-pena.png\" \/>\n\t<meta property=\"og:image:width\" content=\"2240\" \/>\n\t<meta property=\"og:image:height\" content=\"1260\" \/>\n\t<meta property=\"og:image:type\" content=\"image\/png\" \/>\n<meta name=\"author\" content=\"Marketing\" \/>\n<meta name=\"twitter:card\" content=\"summary_large_image\" \/>\n<meta name=\"twitter:label1\" content=\"Escrito por\" \/>\n\t<meta name=\"twitter:data1\" content=\"Marketing\" \/>\n\t<meta name=\"twitter:label2\" content=\"Est. tempo de leitura\" \/>\n\t<meta name=\"twitter:data2\" content=\"3 minutos\" \/>\n<script type=\"application\/ld+json\" class=\"yoast-schema-graph\">{\"@context\":\"https:\/\/schema.org\",\"@graph\":[{\"@type\":\"WebPage\",\"@id\":\"https:\/\/www.docxcorretora.com.br\/blog\/plano-de-saude-empresarial-ou-individual-qual-vale-mais-a-pena\/\",\"url\":\"https:\/\/www.docxcorretora.com.br\/blog\/plano-de-saude-empresarial-ou-individual-qual-vale-mais-a-pena\/\",\"name\":\"Plano de sa\u00fade empresarial ou individual: qual vale mais a pena? - DocX Corretora | Blog\",\"isPartOf\":{\"@id\":\"https:\/\/www.docxcorretora.com.br\/blog\/#website\"},\"datePublished\":\"2026-03-10T13:00:00+00:00\",\"dateModified\":\"2026-03-07T14:58:31+00:00\",\"author\":{\"@id\":\"https:\/\/www.docxcorretora.com.br\/blog\/#\/schema\/person\/e921c7a20603fd679d93ae9e75ae4ebb\"},\"description\":\"Entenda as diferen\u00e7as entre plano de sa\u00fade empresarial e individual, compare pre\u00e7os, reajustes e saiba qual modelo vale mais a pena para voc\u00ea ou sua empresa.\",\"breadcrumb\":{\"@id\":\"https:\/\/www.docxcorretora.com.br\/blog\/plano-de-saude-empresarial-ou-individual-qual-vale-mais-a-pena\/#breadcrumb\"},\"inLanguage\":\"pt-BR\",\"potentialAction\":[{\"@type\":\"ReadAction\",\"target\":[\"https:\/\/www.docxcorretora.com.br\/blog\/plano-de-saude-empresarial-ou-individual-qual-vale-mais-a-pena\/\"]}]},{\"@type\":\"BreadcrumbList\",\"@id\":\"https:\/\/www.docxcorretora.com.br\/blog\/plano-de-saude-empresarial-ou-individual-qual-vale-mais-a-pena\/#breadcrumb\",\"itemListElement\":[{\"@type\":\"ListItem\",\"position\":1,\"name\":\"In\u00edcio\",\"item\":\"https:\/\/www.docxcorretora.com.br\/blog\/\"},{\"@type\":\"ListItem\",\"position\":2,\"name\":\"Plano de sa\u00fade empresarial ou individual: qual vale mais a pena?\"}]},{\"@type\":\"WebSite\",\"@id\":\"https:\/\/www.docxcorretora.com.br\/blog\/#website\",\"url\":\"https:\/\/www.docxcorretora.com.br\/blog\/\",\"name\":\"DocX Corretora | Blog\",\"description\":\"Descubra o plano de sa\u00fade ideal para voc\u00ea, veja dicas de sa\u00fade e conhe\u00e7a outros tipos de seguro.\",\"potentialAction\":[{\"@type\":\"SearchAction\",\"target\":{\"@type\":\"EntryPoint\",\"urlTemplate\":\"https:\/\/www.docxcorretora.com.br\/blog\/?s={search_term_string}\"},\"query-input\":\"required name=search_term_string\"}],\"inLanguage\":\"pt-BR\"},{\"@type\":\"Person\",\"@id\":\"https:\/\/www.docxcorretora.com.br\/blog\/#\/schema\/person\/e921c7a20603fd679d93ae9e75ae4ebb\",\"name\":\"Marketing\",\"image\":{\"@type\":\"ImageObject\",\"inLanguage\":\"pt-BR\",\"@id\":\"https:\/\/www.docxcorretora.com.br\/blog\/#\/schema\/person\/image\/\",\"url\":\"https:\/\/secure.gravatar.com\/avatar\/3f33c895958052e57e63da83e71a3def?s=96&d=mm&r=g\",\"contentUrl\":\"https:\/\/secure.gravatar.com\/avatar\/3f33c895958052e57e63da83e71a3def?s=96&d=mm&r=g\",\"caption\":\"Marketing\"},\"url\":\"https:\/\/www.docxcorretora.com.br\/blog\/author\/marketing\/\"}]}<\/script>\n<!-- \/ Yoast SEO plugin. -->","yoast_head_json":{"title":"Plano de sa\u00fade empresarial ou individual: qual vale mais a pena? - DocX Corretora | Blog","description":"Entenda as diferen\u00e7as entre plano de sa\u00fade empresarial e individual, compare pre\u00e7os, reajustes e saiba qual modelo vale mais a pena para voc\u00ea ou sua empresa.","robots":{"index":"index","follow":"follow","max-snippet":"max-snippet:-1","max-image-preview":"max-image-preview:large","max-video-preview":"max-video-preview:-1"},"canonical":"https:\/\/www.docxcorretora.com.br\/blog\/plano-de-saude-empresarial-ou-individual-qual-vale-mais-a-pena\/","og_locale":"pt_BR","og_type":"article","og_title":"Plano de sa\u00fade empresarial ou individual: qual vale mais a pena? - DocX Corretora | Blog","og_description":"Entenda as diferen\u00e7as entre plano de sa\u00fade empresarial e individual, compare pre\u00e7os, reajustes e saiba qual modelo vale mais a pena para voc\u00ea ou sua empresa.","og_url":"https:\/\/www.docxcorretora.com.br\/blog\/plano-de-saude-empresarial-ou-individual-qual-vale-mais-a-pena\/","og_site_name":"DocX Corretora | Blog","article_published_time":"2026-03-10T13:00:00+00:00","article_modified_time":"2026-03-07T14:58:31+00:00","og_image":[{"width":2240,"height":1260,"url":"https:\/\/www.docxcorretora.com.br\/blog\/wp-content\/uploads\/2026\/03\/Plano-de-saude-empresarial-ou-individual-qual-vale-mais-a-pena.png","type":"image\/png"}],"author":"Marketing","twitter_card":"summary_large_image","twitter_misc":{"Escrito por":"Marketing","Est. tempo de leitura":"3 minutos"},"schema":{"@context":"https:\/\/schema.org","@graph":[{"@type":"WebPage","@id":"https:\/\/www.docxcorretora.com.br\/blog\/plano-de-saude-empresarial-ou-individual-qual-vale-mais-a-pena\/","url":"https:\/\/www.docxcorretora.com.br\/blog\/plano-de-saude-empresarial-ou-individual-qual-vale-mais-a-pena\/","name":"Plano de sa\u00fade empresarial ou individual: qual vale mais a pena? - DocX Corretora | Blog","isPartOf":{"@id":"https:\/\/www.docxcorretora.com.br\/blog\/#website"},"datePublished":"2026-03-10T13:00:00+00:00","dateModified":"2026-03-07T14:58:31+00:00","author":{"@id":"https:\/\/www.docxcorretora.com.br\/blog\/#\/schema\/person\/e921c7a20603fd679d93ae9e75ae4ebb"},"description":"Entenda as diferen\u00e7as entre plano de sa\u00fade empresarial e individual, compare pre\u00e7os, reajustes e saiba qual modelo vale mais a pena para voc\u00ea ou sua empresa.","breadcrumb":{"@id":"https:\/\/www.docxcorretora.com.br\/blog\/plano-de-saude-empresarial-ou-individual-qual-vale-mais-a-pena\/#breadcrumb"},"inLanguage":"pt-BR","potentialAction":[{"@type":"ReadAction","target":["https:\/\/www.docxcorretora.com.br\/blog\/plano-de-saude-empresarial-ou-individual-qual-vale-mais-a-pena\/"]}]},{"@type":"BreadcrumbList","@id":"https:\/\/www.docxcorretora.com.br\/blog\/plano-de-saude-empresarial-ou-individual-qual-vale-mais-a-pena\/#breadcrumb","itemListElement":[{"@type":"ListItem","position":1,"name":"In\u00edcio","item":"https:\/\/www.docxcorretora.com.br\/blog\/"},{"@type":"ListItem","position":2,"name":"Plano de sa\u00fade empresarial ou individual: qual vale mais a pena?"}]},{"@type":"WebSite","@id":"https:\/\/www.docxcorretora.com.br\/blog\/#website","url":"https:\/\/www.docxcorretora.com.br\/blog\/","name":"DocX Corretora | Blog","description":"Descubra o plano de sa\u00fade ideal para voc\u00ea, veja dicas de sa\u00fade e conhe\u00e7a outros tipos de seguro.","potentialAction":[{"@type":"SearchAction","target":{"@type":"EntryPoint","urlTemplate":"https:\/\/www.docxcorretora.com.br\/blog\/?s={search_term_string}"},"query-input":"required name=search_term_string"}],"inLanguage":"pt-BR"},{"@type":"Person","@id":"https:\/\/www.docxcorretora.com.br\/blog\/#\/schema\/person\/e921c7a20603fd679d93ae9e75ae4ebb","name":"Marketing","image":{"@type":"ImageObject","inLanguage":"pt-BR","@id":"https:\/\/www.docxcorretora.com.br\/blog\/#\/schema\/person\/image\/","url":"https:\/\/secure.gravatar.com\/avatar\/3f33c895958052e57e63da83e71a3def?s=96&d=mm&r=g","contentUrl":"https:\/\/secure.gravatar.com\/avatar\/3f33c895958052e57e63da83e71a3def?s=96&d=mm&r=g","caption":"Marketing"},"url":"https:\/\/www.docxcorretora.com.br\/blog\/author\/marketing\/"}]}},"jetpack_featured_media_url":"https:\/\/www.docxcorretora.com.br\/blog\/wp-content\/uploads\/2026\/03\/Plano-de-saude-empresarial-ou-individual-qual-vale-mais-a-pena.png","_links":{"self":[{"href":"https:\/\/www.docxcorretora.com.br\/blog\/wp-json\/wp\/v2\/posts\/1482"}],"collection":[{"href":"https:\/\/www.docxcorretora.com.br\/blog\/wp-json\/wp\/v2\/posts"}],"about":[{"href":"https:\/\/www.docxcorretora.com.br\/blog\/wp-json\/wp\/v2\/types\/post"}],"author":[{"embeddable":true,"href":"https:\/\/www.docxcorretora.com.br\/blog\/wp-json\/wp\/v2\/users\/10"}],"replies":[{"embeddable":true,"href":"https:\/\/www.docxcorretora.com.br\/blog\/wp-json\/wp\/v2\/comments?post=1482"}],"version-history":[{"count":1,"href":"https:\/\/www.docxcorretora.com.br\/blog\/wp-json\/wp\/v2\/posts\/1482\/revisions"}],"predecessor-version":[{"id":1484,"href":"https:\/\/www.docxcorretora.com.br\/blog\/wp-json\/wp\/v2\/posts\/1482\/revisions\/1484"}],"wp:featuredmedia":[{"embeddable":true,"href":"https:\/\/www.docxcorretora.com.br\/blog\/wp-json\/wp\/v2\/media\/1483"}],"wp:attachment":[{"href":"https:\/\/www.docxcorretora.com.br\/blog\/wp-json\/wp\/v2\/media?parent=1482"}],"wp:term":[{"taxonomy":"category","embeddable":true,"href":"https:\/\/www.docxcorretora.com.br\/blog\/wp-json\/wp\/v2\/categories?post=1482"},{"taxonomy":"post_tag","embeddable":true,"href":"https:\/\/www.docxcorretora.com.br\/blog\/wp-json\/wp\/v2\/tags?post=1482"}],"curies":[{"name":"wp","href":"https:\/\/api.w.org\/{rel}","templated":true}]}}