{"id":1485,"date":"2026-03-11T10:00:00","date_gmt":"2026-03-11T13:00:00","guid":{"rendered":"https:\/\/www.docxcorretora.com.br\/blog\/?p=1485"},"modified":"2026-03-07T12:06:17","modified_gmt":"2026-03-07T15:06:17","slug":"quantas-pessoas-sao-necessarias-para-contratar-um-plano-de-saude-empresarial","status":"publish","type":"post","link":"https:\/\/www.docxcorretora.com.br\/blog\/quantas-pessoas-sao-necessarias-para-contratar-um-plano-de-saude-empresarial\/","title":{"rendered":"Quantas pessoas s\u00e3o necess\u00e1rias para contratar um plano de sa\u00fade empresarial?"},"content":{"rendered":"\n<p>Se voc\u00ea est\u00e1 pensando em contratar um conv\u00eanio para sua empresa, provavelmente j\u00e1 se perguntou <strong>quantas vidas plano empresarial exige<\/strong> para que a contrata\u00e7\u00e3o seja poss\u00edvel.<\/p>\n\n\n\n<p>A boa not\u00edcia \u00e9 que, atualmente, muitas operadoras permitem contratar <strong>plano de sa\u00fade empresarial com poucas pessoas<\/strong>, o que facilita o acesso principalmente para <strong>MEIs, pequenas empresas e sociedades com poucos s\u00f3cios<\/strong>.<\/p>\n\n\n\n<p>Neste artigo, voc\u00ea vai entender <strong>quantas pessoas s\u00e3o necess\u00e1rias, quem pode participar do plano e se vale a pena contratar mesmo com poucas vidas<\/strong>.<\/p>\n\n\n\n<p>Fale com nossos especialistas <\/p>\n\n\n\n<div class=\"wp-block-jetpack-send-a-message\">\n<div class=\"wp-block-jetpack-whatsapp-button is-color-dark\"><a class=\"whatsapp-block__button\" href=\"https:\/\/api.whatsapp.com\/send?phone=5511983818365&amp;text=Oi%20%20vi%20no%20link%20quero%20saber%20sobre%20plano%20de%20saude%20empresarial\" style=\"background-color:#25D366\" target=\"_blank\" rel=\"noopener noreferrer\">Conversar no WhatsApp<\/a><\/div>\n<\/div>\n\n\n\n<h2 class=\"wp-block-heading\">N\u00famero m\u00ednimo de vidas<\/h2>\n\n\n\n<p>Uma das principais d\u00favidas de quem busca um conv\u00eanio corporativo \u00e9 justamente <strong>quantas vidas plano empresarial s\u00e3o necess\u00e1rias para a contrata\u00e7\u00e3o<\/strong>.<\/p>\n\n\n\n<p>Na maioria das operadoras de sa\u00fade no Brasil, o <strong>m\u00ednimo exigido \u00e9 de 2 vidas<\/strong>.<\/p>\n\n\n\n<p>Isso significa que \u00e9 poss\u00edvel contratar o plano com:<\/p>\n\n\n\n<ul>\n<li><strong>2 s\u00f3cios<\/strong><\/li>\n\n\n\n<li><strong>1 s\u00f3cio + 1 dependente<\/strong><\/li>\n\n\n\n<li><strong>1 s\u00f3cio + 1 funcion\u00e1rio<\/strong><\/li>\n\n\n\n<li><strong>2 funcion\u00e1rios<\/strong><\/li>\n<\/ul>\n\n\n\n<p>Esse tipo de plano geralmente \u00e9 classificado como <strong>PME (Pequenas e M\u00e9dias Empresas)<\/strong> e costuma atender empresas com <strong>2 a 29 vidas<\/strong>.<\/p>\n\n\n\n<p>Empresas maiores podem contratar planos empresariais com regras e negocia\u00e7\u00f5es diferentes.<\/p>\n\n\n\n<p>Uma das vantagens do plano empresarial \u00e9 que ele costuma apresentar <strong>custos mais acess\u00edveis e maior variedade de operadoras<\/strong>, comparado aos planos individuais.<\/p>\n\n\n\n<h2 class=\"wp-block-heading\">Quem pode entrar no plano<\/h2>\n\n\n\n<p>O plano de sa\u00fade empresarial permite incluir diferentes pessoas vinculadas \u00e0 empresa. Entre elas est\u00e3o:<\/p>\n\n\n\n<p><strong>S\u00f3cios da empresa<\/strong><br>S\u00f3cios registrados no contrato social podem participar do plano empresarial.<\/p>\n\n\n\n<p><strong>Funcion\u00e1rios<\/strong><br>Colaboradores contratados em regime CLT tamb\u00e9m podem ser inclu\u00eddos no conv\u00eanio.<\/p>\n\n\n\n<p><strong>Dependentes<\/strong><br>Dependendo da operadora, tamb\u00e9m \u00e9 poss\u00edvel incluir dependentes como:<\/p>\n\n\n\n<ul>\n<li>C\u00f4njuge<\/li>\n\n\n\n<li>Filhos<\/li>\n\n\n\n<li>Enteados<\/li>\n\n\n\n<li>Em alguns casos, pais<\/li>\n<\/ul>\n\n\n\n<p>A inclus\u00e3o de dependentes pode variar conforme <strong>regras da operadora e do tipo de contrato empresarial<\/strong>.<\/p>\n\n\n\n<h2 class=\"wp-block-heading\">MEI pode contratar plano empresarial?<\/h2>\n\n\n\n<p>Sim. <strong>MEIs (Microempreendedores Individuais) tamb\u00e9m podem contratar plano de sa\u00fade empresarial<\/strong>.<\/p>\n\n\n\n<p>Na maioria das operadoras, as regras incluem:<\/p>\n\n\n\n<ul>\n<li><strong>CNPJ ativo<\/strong><\/li>\n\n\n\n<li><strong>Tempo m\u00ednimo de abertura da empresa (geralmente 6 meses)<\/strong><\/li>\n\n\n\n<li><strong>M\u00ednimo de 2 vidas no contrato<\/strong><\/li>\n<\/ul>\n\n\n\n<p>Por exemplo:<\/p>\n\n\n\n<ul>\n<li>MEI + c\u00f4njuge<\/li>\n\n\n\n<li>MEI + filho<\/li>\n\n\n\n<li>MEI + funcion\u00e1rio<\/li>\n<\/ul>\n\n\n\n<p>Essa op\u00e7\u00e3o costuma ser bastante procurada porque <strong>os planos empresariais costumam ter valores mais competitivos do que planos individuais ou familiares<\/strong>.<\/p>\n\n\n\n<h2 class=\"wp-block-heading\">Vale a pena contratar com poucas vidas?<\/h2>\n\n\n\n<p>Sim, em muitos casos <strong>vale bastante a pena contratar um plano empresarial mesmo com poucas vidas<\/strong>.<\/p>\n\n\n\n<p>Entre os principais benef\u00edcios est\u00e3o:<\/p>\n\n\n\n<p>\u2714 Valores mais acess\u00edveis<br>\u2714 Maior oferta de operadoras<br>\u2714 Possibilidade de incluir dependentes<br>\u2714 Melhor custo-benef\u00edcio em compara\u00e7\u00e3o ao plano individual<\/p>\n\n\n\n<p>Al\u00e9m disso, empresas pequenas e MEIs conseguem <strong>oferecer um benef\u00edcio importante para colaboradores e familiares<\/strong>, o que tamb\u00e9m ajuda na reten\u00e7\u00e3o de talentos e no bem-estar da equipe.<\/p>\n\n\n\n<p>Antes de contratar, \u00e9 importante <strong>avaliar operadoras, rede credenciada, cobertura e reajustes<\/strong>, garantindo que o plano escolhido realmente atenda \u00e0s necessidades da empresa.<\/p>\n\n\n\n<p>Se voc\u00ea quer saber <strong>quantas vidas plano empresarial exige<\/strong>, a resposta \u00e9 simples: <strong>na maioria das operadoras, apenas 2 pessoas j\u00e1 s\u00e3o suficientes para contratar<\/strong>.<\/p>\n\n\n\n<p>Isso torna o plano empresarial acess\u00edvel n\u00e3o apenas para grandes empresas, mas tamb\u00e9m para <strong>MEIs, pequenas empresas e sociedades com poucos s\u00f3cios<\/strong>.<\/p>\n\n\n\n<p>Com o plano certo, \u00e9 poss\u00edvel garantir <strong>seguran\u00e7a, acesso \u00e0 sa\u00fade e mais qualidade de vida para todos os participantes do conv\u00eanio<\/strong>.<\/p>\n\n\n\n<p>Quer ajuda para contratar plano de sa\u00fade, fale com nossos especialistas<\/p>\n\n\n\n<div class=\"wp-block-jetpack-send-a-message\">\n<div class=\"wp-block-jetpack-whatsapp-button is-color-dark\"><a class=\"whatsapp-block__button\" href=\"https:\/\/api.whatsapp.com\/send?phone=5511983818365&amp;text=Oi%20vi%20no%20link%20quero%20contratar%20plano%20de%20saude%20para%20empresa\" style=\"background-color:#25D366\" target=\"_blank\" rel=\"noopener noreferrer\">Conversar no WhatsApp<\/a><\/div>\n<\/div>\n\n\n\n<p><\/p>\n","protected":false},"excerpt":{"rendered":"<p>Se voc\u00ea est\u00e1 pensando em contratar um conv\u00eanio para sua empresa, provavelmente j\u00e1 se perguntou quantas vidas plano empresarial exige para que a contrata\u00e7\u00e3o seja poss\u00edvel. A boa not\u00edcia \u00e9 [&hellip;]<\/p>\n","protected":false},"author":10,"featured_media":1486,"comment_status":"closed","ping_status":"open","sticky":false,"template":"","format":"standard","meta":{"spay_email":""},"categories":[3],"tags":[4],"yoast_head":"<!-- This site is optimized with the Yoast SEO plugin v20.12 - https:\/\/yoast.com\/wordpress\/plugins\/seo\/ -->\n<title>Quantas pessoas s\u00e3o necess\u00e1rias para contratar um plano de sa\u00fade empresarial? - DocX Corretora | Blog<\/title>\n<meta name=\"description\" content=\"Saiba quantas pessoas s\u00e3o necess\u00e1rias para contratar um plano de sa\u00fade empresarial, quem pode participar do conv\u00eanio e se vale a pena contratar com poucas vidas.\" \/>\n<meta name=\"robots\" content=\"index, follow, max-snippet:-1, max-image-preview:large, max-video-preview:-1\" \/>\n<link rel=\"canonical\" href=\"https:\/\/www.docxcorretora.com.br\/blog\/quantas-pessoas-sao-necessarias-para-contratar-um-plano-de-saude-empresarial\/\" \/>\n<meta property=\"og:locale\" content=\"pt_BR\" \/>\n<meta property=\"og:type\" content=\"article\" \/>\n<meta property=\"og:title\" content=\"Quantas pessoas s\u00e3o necess\u00e1rias para contratar um plano de sa\u00fade empresarial? - DocX Corretora | Blog\" \/>\n<meta property=\"og:description\" content=\"Saiba quantas pessoas s\u00e3o necess\u00e1rias para contratar um plano de sa\u00fade empresarial, quem pode participar do conv\u00eanio e se vale a pena contratar com poucas vidas.\" \/>\n<meta property=\"og:url\" content=\"https:\/\/www.docxcorretora.com.br\/blog\/quantas-pessoas-sao-necessarias-para-contratar-um-plano-de-saude-empresarial\/\" \/>\n<meta property=\"og:site_name\" content=\"DocX Corretora | Blog\" \/>\n<meta property=\"article:published_time\" content=\"2026-03-11T13:00:00+00:00\" \/>\n<meta property=\"article:modified_time\" content=\"2026-03-07T15:06:17+00:00\" \/>\n<meta property=\"og:image\" content=\"https:\/\/www.docxcorretora.com.br\/blog\/wp-content\/uploads\/2026\/03\/Quantas-pessoas-sao-necessarias-para-contratar-um-plano-de-saude-empresarial.png\" \/>\n\t<meta property=\"og:image:width\" content=\"2240\" \/>\n\t<meta property=\"og:image:height\" content=\"1260\" \/>\n\t<meta property=\"og:image:type\" content=\"image\/png\" \/>\n<meta name=\"author\" content=\"Marketing\" \/>\n<meta name=\"twitter:card\" content=\"summary_large_image\" \/>\n<meta name=\"twitter:label1\" content=\"Escrito por\" \/>\n\t<meta name=\"twitter:data1\" content=\"Marketing\" \/>\n\t<meta name=\"twitter:label2\" content=\"Est. tempo de leitura\" \/>\n\t<meta name=\"twitter:data2\" content=\"3 minutos\" \/>\n<script type=\"application\/ld+json\" class=\"yoast-schema-graph\">{\"@context\":\"https:\/\/schema.org\",\"@graph\":[{\"@type\":\"WebPage\",\"@id\":\"https:\/\/www.docxcorretora.com.br\/blog\/quantas-pessoas-sao-necessarias-para-contratar-um-plano-de-saude-empresarial\/\",\"url\":\"https:\/\/www.docxcorretora.com.br\/blog\/quantas-pessoas-sao-necessarias-para-contratar-um-plano-de-saude-empresarial\/\",\"name\":\"Quantas pessoas s\u00e3o necess\u00e1rias para contratar um plano de sa\u00fade empresarial? - DocX Corretora | Blog\",\"isPartOf\":{\"@id\":\"https:\/\/www.docxcorretora.com.br\/blog\/#website\"},\"datePublished\":\"2026-03-11T13:00:00+00:00\",\"dateModified\":\"2026-03-07T15:06:17+00:00\",\"author\":{\"@id\":\"https:\/\/www.docxcorretora.com.br\/blog\/#\/schema\/person\/e921c7a20603fd679d93ae9e75ae4ebb\"},\"description\":\"Saiba quantas pessoas s\u00e3o necess\u00e1rias para contratar um plano de sa\u00fade empresarial, quem pode participar do conv\u00eanio e se vale a pena contratar com poucas vidas.\",\"breadcrumb\":{\"@id\":\"https:\/\/www.docxcorretora.com.br\/blog\/quantas-pessoas-sao-necessarias-para-contratar-um-plano-de-saude-empresarial\/#breadcrumb\"},\"inLanguage\":\"pt-BR\",\"potentialAction\":[{\"@type\":\"ReadAction\",\"target\":[\"https:\/\/www.docxcorretora.com.br\/blog\/quantas-pessoas-sao-necessarias-para-contratar-um-plano-de-saude-empresarial\/\"]}]},{\"@type\":\"BreadcrumbList\",\"@id\":\"https:\/\/www.docxcorretora.com.br\/blog\/quantas-pessoas-sao-necessarias-para-contratar-um-plano-de-saude-empresarial\/#breadcrumb\",\"itemListElement\":[{\"@type\":\"ListItem\",\"position\":1,\"name\":\"In\u00edcio\",\"item\":\"https:\/\/www.docxcorretora.com.br\/blog\/\"},{\"@type\":\"ListItem\",\"position\":2,\"name\":\"Quantas pessoas s\u00e3o necess\u00e1rias para contratar um plano de sa\u00fade empresarial?\"}]},{\"@type\":\"WebSite\",\"@id\":\"https:\/\/www.docxcorretora.com.br\/blog\/#website\",\"url\":\"https:\/\/www.docxcorretora.com.br\/blog\/\",\"name\":\"DocX Corretora | Blog\",\"description\":\"Descubra o plano de sa\u00fade ideal para voc\u00ea, veja dicas de sa\u00fade e conhe\u00e7a outros tipos de seguro.\",\"potentialAction\":[{\"@type\":\"SearchAction\",\"target\":{\"@type\":\"EntryPoint\",\"urlTemplate\":\"https:\/\/www.docxcorretora.com.br\/blog\/?s={search_term_string}\"},\"query-input\":\"required name=search_term_string\"}],\"inLanguage\":\"pt-BR\"},{\"@type\":\"Person\",\"@id\":\"https:\/\/www.docxcorretora.com.br\/blog\/#\/schema\/person\/e921c7a20603fd679d93ae9e75ae4ebb\",\"name\":\"Marketing\",\"image\":{\"@type\":\"ImageObject\",\"inLanguage\":\"pt-BR\",\"@id\":\"https:\/\/www.docxcorretora.com.br\/blog\/#\/schema\/person\/image\/\",\"url\":\"https:\/\/secure.gravatar.com\/avatar\/3f33c895958052e57e63da83e71a3def?s=96&d=mm&r=g\",\"contentUrl\":\"https:\/\/secure.gravatar.com\/avatar\/3f33c895958052e57e63da83e71a3def?s=96&d=mm&r=g\",\"caption\":\"Marketing\"},\"url\":\"https:\/\/www.docxcorretora.com.br\/blog\/author\/marketing\/\"}]}<\/script>\n<!-- \/ Yoast SEO plugin. -->","yoast_head_json":{"title":"Quantas pessoas s\u00e3o necess\u00e1rias para contratar um plano de sa\u00fade empresarial? - DocX Corretora | Blog","description":"Saiba quantas pessoas s\u00e3o necess\u00e1rias para contratar um plano de sa\u00fade empresarial, quem pode participar do conv\u00eanio e se vale a pena contratar com poucas vidas.","robots":{"index":"index","follow":"follow","max-snippet":"max-snippet:-1","max-image-preview":"max-image-preview:large","max-video-preview":"max-video-preview:-1"},"canonical":"https:\/\/www.docxcorretora.com.br\/blog\/quantas-pessoas-sao-necessarias-para-contratar-um-plano-de-saude-empresarial\/","og_locale":"pt_BR","og_type":"article","og_title":"Quantas pessoas s\u00e3o necess\u00e1rias para contratar um plano de sa\u00fade empresarial? - DocX Corretora | Blog","og_description":"Saiba quantas pessoas s\u00e3o necess\u00e1rias para contratar um plano de sa\u00fade empresarial, quem pode participar do conv\u00eanio e se vale a pena contratar com poucas vidas.","og_url":"https:\/\/www.docxcorretora.com.br\/blog\/quantas-pessoas-sao-necessarias-para-contratar-um-plano-de-saude-empresarial\/","og_site_name":"DocX Corretora | Blog","article_published_time":"2026-03-11T13:00:00+00:00","article_modified_time":"2026-03-07T15:06:17+00:00","og_image":[{"width":2240,"height":1260,"url":"https:\/\/www.docxcorretora.com.br\/blog\/wp-content\/uploads\/2026\/03\/Quantas-pessoas-sao-necessarias-para-contratar-um-plano-de-saude-empresarial.png","type":"image\/png"}],"author":"Marketing","twitter_card":"summary_large_image","twitter_misc":{"Escrito por":"Marketing","Est. tempo de leitura":"3 minutos"},"schema":{"@context":"https:\/\/schema.org","@graph":[{"@type":"WebPage","@id":"https:\/\/www.docxcorretora.com.br\/blog\/quantas-pessoas-sao-necessarias-para-contratar-um-plano-de-saude-empresarial\/","url":"https:\/\/www.docxcorretora.com.br\/blog\/quantas-pessoas-sao-necessarias-para-contratar-um-plano-de-saude-empresarial\/","name":"Quantas pessoas s\u00e3o necess\u00e1rias para contratar um plano de sa\u00fade empresarial? - DocX Corretora | Blog","isPartOf":{"@id":"https:\/\/www.docxcorretora.com.br\/blog\/#website"},"datePublished":"2026-03-11T13:00:00+00:00","dateModified":"2026-03-07T15:06:17+00:00","author":{"@id":"https:\/\/www.docxcorretora.com.br\/blog\/#\/schema\/person\/e921c7a20603fd679d93ae9e75ae4ebb"},"description":"Saiba quantas pessoas s\u00e3o necess\u00e1rias para contratar um plano de sa\u00fade empresarial, quem pode participar do conv\u00eanio e se vale a pena contratar com poucas vidas.","breadcrumb":{"@id":"https:\/\/www.docxcorretora.com.br\/blog\/quantas-pessoas-sao-necessarias-para-contratar-um-plano-de-saude-empresarial\/#breadcrumb"},"inLanguage":"pt-BR","potentialAction":[{"@type":"ReadAction","target":["https:\/\/www.docxcorretora.com.br\/blog\/quantas-pessoas-sao-necessarias-para-contratar-um-plano-de-saude-empresarial\/"]}]},{"@type":"BreadcrumbList","@id":"https:\/\/www.docxcorretora.com.br\/blog\/quantas-pessoas-sao-necessarias-para-contratar-um-plano-de-saude-empresarial\/#breadcrumb","itemListElement":[{"@type":"ListItem","position":1,"name":"In\u00edcio","item":"https:\/\/www.docxcorretora.com.br\/blog\/"},{"@type":"ListItem","position":2,"name":"Quantas pessoas s\u00e3o necess\u00e1rias para contratar um plano de sa\u00fade empresarial?"}]},{"@type":"WebSite","@id":"https:\/\/www.docxcorretora.com.br\/blog\/#website","url":"https:\/\/www.docxcorretora.com.br\/blog\/","name":"DocX Corretora | Blog","description":"Descubra o plano de sa\u00fade ideal para voc\u00ea, veja dicas de sa\u00fade e conhe\u00e7a outros tipos de seguro.","potentialAction":[{"@type":"SearchAction","target":{"@type":"EntryPoint","urlTemplate":"https:\/\/www.docxcorretora.com.br\/blog\/?s={search_term_string}"},"query-input":"required name=search_term_string"}],"inLanguage":"pt-BR"},{"@type":"Person","@id":"https:\/\/www.docxcorretora.com.br\/blog\/#\/schema\/person\/e921c7a20603fd679d93ae9e75ae4ebb","name":"Marketing","image":{"@type":"ImageObject","inLanguage":"pt-BR","@id":"https:\/\/www.docxcorretora.com.br\/blog\/#\/schema\/person\/image\/","url":"https:\/\/secure.gravatar.com\/avatar\/3f33c895958052e57e63da83e71a3def?s=96&d=mm&r=g","contentUrl":"https:\/\/secure.gravatar.com\/avatar\/3f33c895958052e57e63da83e71a3def?s=96&d=mm&r=g","caption":"Marketing"},"url":"https:\/\/www.docxcorretora.com.br\/blog\/author\/marketing\/"}]}},"jetpack_featured_media_url":"https:\/\/www.docxcorretora.com.br\/blog\/wp-content\/uploads\/2026\/03\/Quantas-pessoas-sao-necessarias-para-contratar-um-plano-de-saude-empresarial.png","_links":{"self":[{"href":"https:\/\/www.docxcorretora.com.br\/blog\/wp-json\/wp\/v2\/posts\/1485"}],"collection":[{"href":"https:\/\/www.docxcorretora.com.br\/blog\/wp-json\/wp\/v2\/posts"}],"about":[{"href":"https:\/\/www.docxcorretora.com.br\/blog\/wp-json\/wp\/v2\/types\/post"}],"author":[{"embeddable":true,"href":"https:\/\/www.docxcorretora.com.br\/blog\/wp-json\/wp\/v2\/users\/10"}],"replies":[{"embeddable":true,"href":"https:\/\/www.docxcorretora.com.br\/blog\/wp-json\/wp\/v2\/comments?post=1485"}],"version-history":[{"count":1,"href":"https:\/\/www.docxcorretora.com.br\/blog\/wp-json\/wp\/v2\/posts\/1485\/revisions"}],"predecessor-version":[{"id":1487,"href":"https:\/\/www.docxcorretora.com.br\/blog\/wp-json\/wp\/v2\/posts\/1485\/revisions\/1487"}],"wp:featuredmedia":[{"embeddable":true,"href":"https:\/\/www.docxcorretora.com.br\/blog\/wp-json\/wp\/v2\/media\/1486"}],"wp:attachment":[{"href":"https:\/\/www.docxcorretora.com.br\/blog\/wp-json\/wp\/v2\/media?parent=1485"}],"wp:term":[{"taxonomy":"category","embeddable":true,"href":"https:\/\/www.docxcorretora.com.br\/blog\/wp-json\/wp\/v2\/categories?post=1485"},{"taxonomy":"post_tag","embeddable":true,"href":"https:\/\/www.docxcorretora.com.br\/blog\/wp-json\/wp\/v2\/tags?post=1485"}],"curies":[{"name":"wp","href":"https:\/\/api.w.org\/{rel}","templated":true}]}}