{"id":1600,"date":"2026-05-01T18:02:19","date_gmt":"2026-05-01T21:02:19","guid":{"rendered":"https:\/\/www.docxcorretora.com.br\/blog\/?p=1600"},"modified":"2026-05-01T18:02:22","modified_gmt":"2026-05-01T21:02:22","slug":"gripe-k","status":"publish","type":"post","link":"https:\/\/www.docxcorretora.com.br\/blog\/gripe-k\/","title":{"rendered":"Gripe K"},"content":{"rendered":"\n<p><strong>Gripe K<\/strong> no Ambiente de Trabalho: O Que Toda Empresa Precisa Saber e como o <strong>Plano de Sa\u00fade Empresarial <\/strong>Protege Seu Time<\/p>\n\n\n\n<p>Nos \u00faltimos meses, um nome tomou conta das manchetes de sa\u00fade no Brasil: a <strong>gripe K<\/strong>. Variante do v\u00edrus <strong>influenza A (H3N2)<\/strong>, ela se espalhou rapidamente por dezenas de pa\u00edses e chegou ao Brasil no final de 2025. Para a maioria das pessoas, os sintomas passam em poucos dias. Mas para os gestores e profissionais de RH, o impacto vai al\u00e9m da febre e da tosse ele chega direto nos \u00edndices de absente\u00edsmo e na produtividade do time.<\/p>\n\n\n\n<p>Neste artigo, voc\u00ea vai entender<strong> o que \u00e9 a gripe K<\/strong>, quais s\u00e3o seus riscos reais para o ambiente corporativo e, principalmente, como um <strong>plano de sa\u00fade empresarial<\/strong> bem estruturado pode minimizar esses impactos  protegendo tanto os colaboradores quanto o neg\u00f3cio.<\/p>\n\n\n\n<p><strong><em>Spoiler: empresas que j\u00e1 contam com plano de sa\u00fade coletivo est\u00e3o muito mais preparadas para enfrentar surtos como este. Se a sua ainda n\u00e3o tem, pode ser a hora de conversar com a DocX Corretora.<\/em><\/strong><\/p>\n\n\n\n<div class=\"wp-block-jetpack-send-a-message\">\n<div class=\"wp-block-jetpack-whatsapp-button is-color-dark\"><a class=\"whatsapp-block__button\" href=\"https:\/\/api.whatsapp.com\/send?phone=5511983818365&amp;text=Oi%20vi%20no%20link%2C%20quero%20saber%20sobre%20plano%20de%20sa%C3%BAde%20para%20a%20empresa\" style=\"background-color:#25D366\" target=\"_blank\" rel=\"noopener noreferrer\">Conversar no WhatsApp<\/a><\/div>\n<\/div>\n\n\n\n<h2 class=\"wp-block-heading\">O que \u00e9 a Gripe K?<\/h2>\n\n\n\n<p>A <strong>gripe K <\/strong>\u00e9 o nome popular para o <strong>subclado J.2.4.1<\/strong> do v\u00edrus influenza A, subtipo<strong> H3N2.<\/strong> N\u00e3o se trata de um v\u00edrus completamente novo: \u00e9 uma subdivis\u00e3o do H3N2 que j\u00e1 circula h\u00e1 anos, mas que ganhou destaque por sua velocidade de propaga\u00e7\u00e3o.<\/p>\n\n\n\n<p>O primeiro caso no Brasil foi identificado pelo Instituto Oswaldo Cruz (Fiocruz) no Par\u00e1, em dezembro de 2025. Desde ent\u00e3o, a Organiza\u00e7\u00e3o Mundial da Sa\u00fade (OMS) emitiu alertas e o Minist\u00e9rio da Sa\u00fade passou a monitorar a circula\u00e7\u00e3o da variante em todo o pa\u00eds. A boa not\u00edcia: <strong>n\u00e3o h\u00e1 evid\u00eancias de que a gripe K seja mais grave do que outras cepas sazonais de influenza.<\/strong><\/p>\n\n\n\n<h3 class=\"wp-block-heading\">Sintomas da Gripe K<\/h3>\n\n\n\n<p>Os sintomas s\u00e3o os mesmos da gripe comum:<\/p>\n\n\n\n<ul>\n<li>Febre alta (geralmente acima de 38\u00b0C, in\u00edcio s\u00fabito)<\/li>\n\n\n\n<li>Dores no corpo intensas, especialmente nas costas e pernas<\/li>\n\n\n\n<li>Dor de garganta e tosse<\/li>\n\n\n\n<li>Cansa\u00e7o e mal-estar geral<\/li>\n\n\n\n<li>Congest\u00e3o nasal e coriza<\/li>\n\n\n\n<li>Calafrios e dor de cabe\u00e7a<\/li>\n<\/ul>\n\n\n\n<p>A dura\u00e7\u00e3o dos sintomas costuma ser de 3 a 7 dias. Em casos leves, o tratamento \u00e9 sintom\u00e1tico: repouso, hidrata\u00e7\u00e3o e antit\u00e9rmicos. Para grupos de risco ou casos mais graves, antivirais como oseltamivir podem ser indicados especialmente se iniciados nas primeiras 48 horas.<\/p>\n\n\n\n<h3 class=\"wp-block-heading\">Quem faz parte do grupo de risco?<\/h3>\n\n\n\n<ul>\n<li>Idosos acima de 60 anos<\/li>\n\n\n\n<li>Crian\u00e7as pequenas<\/li>\n\n\n\n<li>Gestantes<\/li>\n\n\n\n<li>Pessoas com doen\u00e7as cr\u00f4nicas (diabetes, hipertens\u00e3o, doen\u00e7as respirat\u00f3rias)<\/li>\n\n\n\n<li>Imunossuprimidos<\/li>\n<\/ul>\n\n\n\n<h2 class=\"wp-block-heading\">Como a Gripe K Impacta o Ambiente de Trabalho?<\/h2>\n\n\n\n<p>O influenza A j\u00e1 era respons\u00e1vel por grande parte dos afastamentos corporativos no Brasil antes mesmo da variante K surgir. Com uma cepa que demonstra alta velocidade de dissemina\u00e7\u00e3o em ambientes fechados  como escrit\u00f3rios, f\u00e1bricas e espa\u00e7os de coworking, o risco de surtos internos \u00e9 real.<\/p>\n\n\n\n<p>Pense no cen\u00e1rio: um colaborador com sintomas leves continua trabalhando presencialmente (por falta de acesso f\u00e1cil a uma consulta, por exemplo) e contamina outros tr\u00eas colegas. Em uma semana, voc\u00ea tem uma equipe inteira comprometida. O absente\u00edsmo sobe, os prazos escorregam e a press\u00e3o sobre quem ficou aumenta.<\/p>\n\n\n\n<p><strong><em>Segundo dados do setor, empresas com plano de sa\u00fade ativo registram, em m\u00e9dia, menor tempo de afastamento por doen\u00e7as respirat\u00f3rias  justamente porque os colaboradores buscam atendimento mais cedo, recebem diagn\u00f3stico e tratamento adequados e retornam mais r\u00e1pido.<\/em><\/strong><\/p>\n\n\n\n<h3 class=\"wp-block-heading\">Ambientes de maior risco dentro das empresas<\/h3>\n\n\n\n<ul>\n<li>Escrit\u00f3rios com ar-condicionado central e pouca ventila\u00e7\u00e3o natural<\/li>\n\n\n\n<li>Cantinas, refeit\u00f3rios e salas de reuni\u00e3o com alta circula\u00e7\u00e3o<\/li>\n\n\n\n<li>Call centers e \u00e1reas com alto adensamento de pessoas<\/li>\n\n\n\n<li>Equipes de campo e vendas que usam transporte p\u00fablico<\/li>\n<\/ul>\n\n\n\n<h2 class=\"wp-block-heading\">Por Que o Plano de Sa\u00fade Empresarial \u00e9 a Melhor Resposta?<\/h2>\n\n\n\n<p>Oferecer um <strong>plano de sa\u00fade coletiv<\/strong>o n\u00e3o \u00e9 apenas um benef\u00edcio de RH. Em per\u00edodos de alta incid\u00eancia de doen\u00e7as respirat\u00f3rias como a gripe K, ele se torna uma ferramenta de gest\u00e3o estrat\u00e9gica. Veja por qu\u00ea:<\/p>\n\n\n\n<h3 class=\"wp-block-heading\">1. Acesso r\u00e1pido ao m\u00e9dico = menos tempo de afastamento<\/h3>\n\n\n\n<p>Com <strong>plano de sa\u00fade<\/strong>, o colaborador acessa uma consulta com cl\u00ednico geral ou infectologista em horas  n\u00e3o em dias, como acontece frequentemente no sistema p\u00fablico. Isso significa diagn\u00f3stico mais r\u00e1pido, tratamento iniciado no momento certo (especialmente importante para antivirais) e retorno ao trabalho mais \u00e1gil.<\/p>\n\n\n\n<h3 class=\"wp-block-heading\">2. Preven\u00e7\u00e3o ativa: vacinas e check-ups<\/h3>\n\n\n\n<p>Muitos planos empresariais incluem ou facilitam o acesso \u00e0 vacina\u00e7\u00e3o anual contra a gripe, que \u00e9 a medida preventiva mais eficaz contra o influenza A. Colaboradores vacinados adoecem menos e, quando adoecem, t\u00eam quadros mais leves.<\/p>\n\n\n\n<h3 class=\"wp-block-heading\">3. Redu\u00e7\u00e3o do absente\u00edsmo e presente\u00edsmo<\/h3>\n\n\n\n<p>O presente\u00edsmo  quando o colaborador est\u00e1 fisicamente presente mas sem condi\u00e7\u00f5es de produzir \u00e9 um dos maiores vil\u00f5es da produtividade. Com acesso facilitado a cuidados de sa\u00fade, o ciclo doen\u00e7a-afastamento-retorno \u00e9 mais curto e menos custoso para a empresa.<\/p>\n\n\n\n<h3 class=\"wp-block-heading\">4. Reten\u00e7\u00e3o e atra\u00e7\u00e3o de talentos<\/h3>\n\n\n\n<p>Plano de sa\u00fade \u00e9, consistentemente, um dos benef\u00edcios mais valorizados por profissionais brasileiros. Em um mercado de trabalho competitivo, empresas sem esse benef\u00edcio perdem talentos para concorrentes que oferecem.<\/p>\n\n\n\n<h3 class=\"wp-block-heading\">5. Custo-benef\u00edcio real<\/h3>\n\n\n\n<p>Um <strong>plano de sa\u00fade empresarial<\/strong> <strong>pode ser 30% a 50% mais barato por vida<\/strong> do que um plano individual equivalente  porque a operadora dilui o risco entre todos os benefici\u00e1rios do grupo. Em S\u00e3o Paulo, planos empresariais b\u00e1sicos <strong>partem de<\/strong> cerca de R$ 180\/m\u00eas por pessoa, dependendo da operadora e do perfil do grupo.<\/p>\n\n\n\n<h2 class=\"wp-block-heading\">Comparativo: Com Plano de Sa\u00fade vs Sem Plano de Sa\u00fade<\/h2>\n\n\n\n<figure class=\"wp-block-table\"><table><thead><tr><td><strong>Crit\u00e9rio<\/strong><\/td><td><strong>Com Plano de Sa\u00fade \u2705<\/strong><\/td><td><strong>Sem Plano de Sa\u00fade \u274c<\/strong><\/td><\/tr><\/thead><tbody><tr><td><strong>Tempo at\u00e9 1\u00aa consulta<\/strong><\/td><td>Horas (rede credenciada)<\/td><td>Dias (UBS ou particular caro)<\/td><\/tr><tr><td><strong>In\u00edcio do tratamento<\/strong><\/td><td>Em at\u00e9 48h (ideal para antivirais)<\/td><td>Tardio, menor efic\u00e1cia<\/td><\/tr><tr><td><strong>Dura\u00e7\u00e3o do afastamento<\/strong><\/td><td>Menor (3 a 5 dias em m\u00e9dia)<\/td><td>Maior risco de prolongamento<\/td><\/tr><tr><td><strong>Custo para o colaborador<\/strong><\/td><td>Sem custo direto na consulta<\/td><td>Consulta particular: R$200\u2013R$400+<\/td><\/tr><tr><td><strong>Vacina\u00e7\u00e3o anual<\/strong><\/td><td>Facilitada ou inclu\u00edda no plano<\/td><td>Custo e log\u00edstica por conta pr\u00f3pria<\/td><\/tr><tr><td><strong>Impacto na equipe<\/strong><\/td><td>Recupera\u00e7\u00e3o r\u00e1pida, menor cont\u00e1gio<\/td><td>Maior risco de surto interno<\/td><\/tr><\/tbody><\/table><\/figure>\n\n\n\n<h2 class=\"wp-block-heading\">Como Contratar um Plano de Sa\u00fade Empresarial?<\/h2>\n\n\n\n<p>O processo \u00e9 mais simples do que parece  e com a orienta\u00e7\u00e3o certa, pode ser conclu\u00eddo em dias. Veja o passo a passo:<\/p>\n\n\n\n<ul>\n<li>Levantamento do perfil da equipe (n\u00famero de vidas, faixas et\u00e1rias, localiza\u00e7\u00e3o)<\/li>\n\n\n\n<li>Defini\u00e7\u00e3o de prioridades: cobertura ambulatorial, hospitalar, rede credenciada, coparticipa\u00e7\u00e3o<\/li>\n\n\n\n<li>Comparativo entre operadoras: Amil, NotreDame Interm\u00e9dica, SulAm\u00e9rica, Bradesco Sa\u00fade, entre outras<\/li>\n\n\n\n<li>An\u00e1lise do custo-benef\u00edcio real para o or\u00e7amento da empresa<\/li>\n\n\n\n<li>Contrata\u00e7\u00e3o via corretora especializada  sem custo adicional para o CNPJ<\/li>\n<\/ul>\n\n\n\n<p>Empresas de qualquer porte podem contratar: <strong>de MEI a grandes corpora\u00e7\u00f5es<\/strong>. O m\u00ednimo exigido por algumas operadoras \u00e9 de apenas 2 vidas. E <strong>o custo do plano empresarial \u00e9 dedut\u00edvel como despesa operacional no IRPJ<\/strong>, o que reduz ainda mais o impacto financeiro para a empresa.<\/p>\n\n\n\n<p><strong><em>A DocX Corretora faz todo esse processo por voc\u00ea: levantamento de perfil, comparativo de operadoras e apresenta\u00e7\u00e3o das melhores op\u00e7\u00f5es tudo de forma gratuita e sem compromisso.<\/em><\/strong><\/p>\n\n\n\n<p>Fale agora mesmo com a Karol <\/p>\n\n\n\n<div class=\"wp-block-jetpack-send-a-message\">\n<div class=\"wp-block-jetpack-whatsapp-button is-color-dark\"><a class=\"whatsapp-block__button\" href=\"https:\/\/api.whatsapp.com\/send?phone=5511983818365&amp;text=Oi%20Vi%20no%20link%2C%20quero%20saber%20sobre%20plano%20de%20sa%C3%BAde\" style=\"background-color:#25D366\" target=\"_blank\" rel=\"noopener noreferrer\">Conversar no WhatsApp<\/a><\/div>\n<\/div>\n\n\n\n<h2 class=\"wp-block-heading\">Perguntas Frequentes (FAQ)<\/h2>\n\n\n\n<h3 class=\"wp-block-heading\">A gripe K \u00e9 mais grave que a gripe comum?<\/h3>\n\n\n\n<p>N\u00e3o. Os dados do Minist\u00e9rio da Sa\u00fade e da Organiza\u00e7\u00e3o Pan-Americana da Sa\u00fade (OPAS) indicam que n\u00e3o houve aumento significativo em hospitaliza\u00e7\u00f5es ou mortes associadas especificamente \u00e0 variante K. O alerta se deve principalmente \u00e0 sua velocidade de dissemina\u00e7\u00e3o.<\/p>\n\n\n\n<h3 class=\"wp-block-heading\">MEI pode contratar plano de sa\u00fade empresarial?<\/h3>\n\n\n\n<p>Sim. MEIs e empresas de qualquer porte podem contratar planos coletivos. Algumas operadoras aceitam grupos a partir de 2 vidas com CNPJ ativo.<\/p>\n\n\n\n<h3 class=\"wp-block-heading\">Qual o custo m\u00e9dio de um plano empresarial em S\u00e3o Paulo?<\/h3>\n\n\n\n<p>Os valores variam bastante conforme operadora, cobertura e faixa et\u00e1ria do grupo. Em 2026, planos b\u00e1sicos em SP partem de aproximadamente R$ 180\/m\u00eas por vida para adultos em faixas jovens. Coberturas mais completas, com acomoda\u00e7\u00e3o em apartamento, podem ultrapassar R$ 1.000\/m\u00eas por pessoa.<\/p>\n\n\n\n<h3 class=\"wp-block-heading\">O plano empresarial cobre vacina contra gripe?<\/h3>\n\n\n\n<p>Conforme o Rol de Procedimentos da ANS, a vacina contra gripe \u00e9 coberta para grupos de risco em planos com cobertura ambulatorial. A elegibilidade depende das condi\u00e7\u00f5es contratuais de cada operadora.<\/p>\n\n\n\n<h3 class=\"wp-block-heading\">Como a DocX Corretora me ajuda na contrata\u00e7\u00e3o?<\/h3>\n\n\n\n<p>A DocX realiza uma consultoria completa e gratuita: analisa o perfil da sua equipe, compara as principais operadoras do mercado e apresenta as melhores op\u00e7\u00f5es para o seu or\u00e7amento. Sem burocracia, sem custo de consultoria.<\/p>\n\n\n\n<h2 class=\"wp-block-heading\">Prevenir \u00e9 Sempre Mais Barato que Remediar<\/h2>\n\n\n\n<p>A gripe K \u00e9 mais um lembrete de que epidemias respirat\u00f3rias fazem parte da realidade das empresas  e que o impacto no time vai muito al\u00e9m dos dias de afastamento. Ter um plano de sa\u00fade empresarial ativo \u00e9 a forma mais eficaz de garantir acesso r\u00e1pido a cuidados, reduzir o tempo de recupera\u00e7\u00e3o dos colaboradores e proteger a continuidade do neg\u00f3cio.<\/p>\n\n\n\n<p>Se a sua empresa ainda n\u00e3o conta com esse benef\u00edcio  ou se voc\u00ea quer revisar o plano atual para garantir que ele atende \u00e0s necessidades reais do seu time, a DocX Corretora est\u00e1 pronta para ajudar.<\/p>\n\n\n\n<p><\/p>\n\n\n<ul class=\"wp-block-latest-posts__list wp-block-latest-posts\"><li><a class=\"wp-block-latest-posts__post-title\" href=\"https:\/\/www.docxcorretora.com.br\/blog\/gripe-k\/\">Gripe K<\/a><\/li>\n<li><a class=\"wp-block-latest-posts__post-title\" href=\"https:\/\/www.docxcorretora.com.br\/blog\/plano-de-saude-empresarial-obrigatoriedade-custos-e-o-que-diz-a-clt\/\">Plano de sa\u00fade empresarial: obrigatoriedade, custos e o que diz a CLT<\/a><\/li>\n<li><a class=\"wp-block-latest-posts__post-title\" href=\"https:\/\/www.docxcorretora.com.br\/blog\/plano-de-saude-medsenior\/\">Plano de Sa\u00fade MedS\u00eanior<\/a><\/li>\n<li><a class=\"wp-block-latest-posts__post-title\" href=\"https:\/\/www.docxcorretora.com.br\/blog\/quais-sao-os-melhores-planos-de-saude-para-cnpj\/\">Quais s\u00e3o os melhores planos de sa\u00fade para CNPJ<\/a><\/li>\n<li><a class=\"wp-block-latest-posts__post-title\" href=\"https:\/\/www.docxcorretora.com.br\/blog\/plano-de-saude-amil-black\/\">Plano de Sa\u00fade Amil Black<\/a><\/li>\n<\/ul>","protected":false},"excerpt":{"rendered":"<p>Gripe K no Ambiente de Trabalho: O Que Toda Empresa Precisa Saber e como o Plano de Sa\u00fade Empresarial Protege Seu Time Nos \u00faltimos meses, um nome tomou conta das [&hellip;]<\/p>\n","protected":false},"author":10,"featured_media":1601,"comment_status":"closed","ping_status":"open","sticky":false,"template":"","format":"standard","meta":{"spay_email":""},"categories":[67],"tags":[4],"yoast_head":"<!-- This site is optimized with the Yoast SEO plugin v20.12 - https:\/\/yoast.com\/wordpress\/plugins\/seo\/ -->\n<title>Gripe K - DocX Corretora | Blog<\/title>\n<meta name=\"description\" content=\"Entenda o que \u00e9 a gripe K, como ela impacta a produtividade da sua empresa e por que ter um plano de sa\u00fade empresarial \u00e9 essencial para proteger seus colaboradores. Consultoria gratuita com a DocX Corretora.\" \/>\n<meta name=\"robots\" content=\"index, follow, max-snippet:-1, max-image-preview:large, max-video-preview:-1\" \/>\n<link rel=\"canonical\" href=\"https:\/\/www.docxcorretora.com.br\/blog\/gripe-k\/\" \/>\n<meta property=\"og:locale\" content=\"pt_BR\" \/>\n<meta property=\"og:type\" content=\"article\" \/>\n<meta property=\"og:title\" content=\"Gripe K - DocX Corretora | Blog\" \/>\n<meta property=\"og:description\" content=\"Entenda o que \u00e9 a gripe K, como ela impacta a produtividade da sua empresa e por que ter um plano de sa\u00fade empresarial \u00e9 essencial para proteger seus colaboradores. Consultoria gratuita com a DocX Corretora.\" \/>\n<meta property=\"og:url\" content=\"https:\/\/www.docxcorretora.com.br\/blog\/gripe-k\/\" \/>\n<meta property=\"og:site_name\" content=\"DocX Corretora | Blog\" \/>\n<meta property=\"article:published_time\" content=\"2026-05-01T21:02:19+00:00\" \/>\n<meta property=\"article:modified_time\" content=\"2026-05-01T21:02:22+00:00\" \/>\n<meta property=\"og:image\" content=\"https:\/\/www.docxcorretora.com.br\/blog\/wp-content\/uploads\/2026\/05\/ChatGPT-Image-1-de-mai.-de-2026-18_02_11.png\" \/>\n\t<meta property=\"og:image:width\" content=\"1536\" \/>\n\t<meta property=\"og:image:height\" content=\"1024\" \/>\n\t<meta property=\"og:image:type\" content=\"image\/png\" \/>\n<meta name=\"author\" content=\"Marketing\" \/>\n<meta name=\"twitter:card\" content=\"summary_large_image\" \/>\n<meta name=\"twitter:label1\" content=\"Escrito por\" \/>\n\t<meta name=\"twitter:data1\" content=\"Marketing\" \/>\n\t<meta name=\"twitter:label2\" content=\"Est. tempo de leitura\" \/>\n\t<meta name=\"twitter:data2\" content=\"9 minutos\" \/>\n<script type=\"application\/ld+json\" class=\"yoast-schema-graph\">{\"@context\":\"https:\/\/schema.org\",\"@graph\":[{\"@type\":\"WebPage\",\"@id\":\"https:\/\/www.docxcorretora.com.br\/blog\/gripe-k\/\",\"url\":\"https:\/\/www.docxcorretora.com.br\/blog\/gripe-k\/\",\"name\":\"Gripe K - DocX Corretora | Blog\",\"isPartOf\":{\"@id\":\"https:\/\/www.docxcorretora.com.br\/blog\/#website\"},\"datePublished\":\"2026-05-01T21:02:19+00:00\",\"dateModified\":\"2026-05-01T21:02:22+00:00\",\"author\":{\"@id\":\"https:\/\/www.docxcorretora.com.br\/blog\/#\/schema\/person\/e921c7a20603fd679d93ae9e75ae4ebb\"},\"description\":\"Entenda o que \u00e9 a gripe K, como ela impacta a produtividade da sua empresa e por que ter um plano de sa\u00fade empresarial \u00e9 essencial para proteger seus colaboradores. Consultoria gratuita com a DocX Corretora.\",\"breadcrumb\":{\"@id\":\"https:\/\/www.docxcorretora.com.br\/blog\/gripe-k\/#breadcrumb\"},\"inLanguage\":\"pt-BR\",\"potentialAction\":[{\"@type\":\"ReadAction\",\"target\":[\"https:\/\/www.docxcorretora.com.br\/blog\/gripe-k\/\"]}]},{\"@type\":\"BreadcrumbList\",\"@id\":\"https:\/\/www.docxcorretora.com.br\/blog\/gripe-k\/#breadcrumb\",\"itemListElement\":[{\"@type\":\"ListItem\",\"position\":1,\"name\":\"In\u00edcio\",\"item\":\"https:\/\/www.docxcorretora.com.br\/blog\/\"},{\"@type\":\"ListItem\",\"position\":2,\"name\":\"Gripe K\"}]},{\"@type\":\"WebSite\",\"@id\":\"https:\/\/www.docxcorretora.com.br\/blog\/#website\",\"url\":\"https:\/\/www.docxcorretora.com.br\/blog\/\",\"name\":\"DocX Corretora | Blog\",\"description\":\"Descubra o plano de sa\u00fade ideal para voc\u00ea, veja dicas de sa\u00fade e conhe\u00e7a outros tipos de seguro.\",\"potentialAction\":[{\"@type\":\"SearchAction\",\"target\":{\"@type\":\"EntryPoint\",\"urlTemplate\":\"https:\/\/www.docxcorretora.com.br\/blog\/?s={search_term_string}\"},\"query-input\":\"required name=search_term_string\"}],\"inLanguage\":\"pt-BR\"},{\"@type\":\"Person\",\"@id\":\"https:\/\/www.docxcorretora.com.br\/blog\/#\/schema\/person\/e921c7a20603fd679d93ae9e75ae4ebb\",\"name\":\"Marketing\",\"image\":{\"@type\":\"ImageObject\",\"inLanguage\":\"pt-BR\",\"@id\":\"https:\/\/www.docxcorretora.com.br\/blog\/#\/schema\/person\/image\/\",\"url\":\"https:\/\/secure.gravatar.com\/avatar\/3f33c895958052e57e63da83e71a3def?s=96&d=mm&r=g\",\"contentUrl\":\"https:\/\/secure.gravatar.com\/avatar\/3f33c895958052e57e63da83e71a3def?s=96&d=mm&r=g\",\"caption\":\"Marketing\"},\"url\":\"https:\/\/www.docxcorretora.com.br\/blog\/author\/marketing\/\"}]}<\/script>\n<!-- \/ Yoast SEO plugin. -->","yoast_head_json":{"title":"Gripe K - DocX Corretora | Blog","description":"Entenda o que \u00e9 a gripe K, como ela impacta a produtividade da sua empresa e por que ter um plano de sa\u00fade empresarial \u00e9 essencial para proteger seus colaboradores. Consultoria gratuita com a DocX Corretora.","robots":{"index":"index","follow":"follow","max-snippet":"max-snippet:-1","max-image-preview":"max-image-preview:large","max-video-preview":"max-video-preview:-1"},"canonical":"https:\/\/www.docxcorretora.com.br\/blog\/gripe-k\/","og_locale":"pt_BR","og_type":"article","og_title":"Gripe K - DocX Corretora | Blog","og_description":"Entenda o que \u00e9 a gripe K, como ela impacta a produtividade da sua empresa e por que ter um plano de sa\u00fade empresarial \u00e9 essencial para proteger seus colaboradores. Consultoria gratuita com a DocX Corretora.","og_url":"https:\/\/www.docxcorretora.com.br\/blog\/gripe-k\/","og_site_name":"DocX Corretora | Blog","article_published_time":"2026-05-01T21:02:19+00:00","article_modified_time":"2026-05-01T21:02:22+00:00","og_image":[{"width":1536,"height":1024,"url":"https:\/\/www.docxcorretora.com.br\/blog\/wp-content\/uploads\/2026\/05\/ChatGPT-Image-1-de-mai.-de-2026-18_02_11.png","type":"image\/png"}],"author":"Marketing","twitter_card":"summary_large_image","twitter_misc":{"Escrito por":"Marketing","Est. tempo de leitura":"9 minutos"},"schema":{"@context":"https:\/\/schema.org","@graph":[{"@type":"WebPage","@id":"https:\/\/www.docxcorretora.com.br\/blog\/gripe-k\/","url":"https:\/\/www.docxcorretora.com.br\/blog\/gripe-k\/","name":"Gripe K - DocX Corretora | Blog","isPartOf":{"@id":"https:\/\/www.docxcorretora.com.br\/blog\/#website"},"datePublished":"2026-05-01T21:02:19+00:00","dateModified":"2026-05-01T21:02:22+00:00","author":{"@id":"https:\/\/www.docxcorretora.com.br\/blog\/#\/schema\/person\/e921c7a20603fd679d93ae9e75ae4ebb"},"description":"Entenda o que \u00e9 a gripe K, como ela impacta a produtividade da sua empresa e por que ter um plano de sa\u00fade empresarial \u00e9 essencial para proteger seus colaboradores. Consultoria gratuita com a DocX Corretora.","breadcrumb":{"@id":"https:\/\/www.docxcorretora.com.br\/blog\/gripe-k\/#breadcrumb"},"inLanguage":"pt-BR","potentialAction":[{"@type":"ReadAction","target":["https:\/\/www.docxcorretora.com.br\/blog\/gripe-k\/"]}]},{"@type":"BreadcrumbList","@id":"https:\/\/www.docxcorretora.com.br\/blog\/gripe-k\/#breadcrumb","itemListElement":[{"@type":"ListItem","position":1,"name":"In\u00edcio","item":"https:\/\/www.docxcorretora.com.br\/blog\/"},{"@type":"ListItem","position":2,"name":"Gripe K"}]},{"@type":"WebSite","@id":"https:\/\/www.docxcorretora.com.br\/blog\/#website","url":"https:\/\/www.docxcorretora.com.br\/blog\/","name":"DocX Corretora | Blog","description":"Descubra o plano de sa\u00fade ideal para voc\u00ea, veja dicas de sa\u00fade e conhe\u00e7a outros tipos de seguro.","potentialAction":[{"@type":"SearchAction","target":{"@type":"EntryPoint","urlTemplate":"https:\/\/www.docxcorretora.com.br\/blog\/?s={search_term_string}"},"query-input":"required name=search_term_string"}],"inLanguage":"pt-BR"},{"@type":"Person","@id":"https:\/\/www.docxcorretora.com.br\/blog\/#\/schema\/person\/e921c7a20603fd679d93ae9e75ae4ebb","name":"Marketing","image":{"@type":"ImageObject","inLanguage":"pt-BR","@id":"https:\/\/www.docxcorretora.com.br\/blog\/#\/schema\/person\/image\/","url":"https:\/\/secure.gravatar.com\/avatar\/3f33c895958052e57e63da83e71a3def?s=96&d=mm&r=g","contentUrl":"https:\/\/secure.gravatar.com\/avatar\/3f33c895958052e57e63da83e71a3def?s=96&d=mm&r=g","caption":"Marketing"},"url":"https:\/\/www.docxcorretora.com.br\/blog\/author\/marketing\/"}]}},"jetpack_featured_media_url":"https:\/\/www.docxcorretora.com.br\/blog\/wp-content\/uploads\/2026\/05\/ChatGPT-Image-1-de-mai.-de-2026-18_02_11.png","_links":{"self":[{"href":"https:\/\/www.docxcorretora.com.br\/blog\/wp-json\/wp\/v2\/posts\/1600"}],"collection":[{"href":"https:\/\/www.docxcorretora.com.br\/blog\/wp-json\/wp\/v2\/posts"}],"about":[{"href":"https:\/\/www.docxcorretora.com.br\/blog\/wp-json\/wp\/v2\/types\/post"}],"author":[{"embeddable":true,"href":"https:\/\/www.docxcorretora.com.br\/blog\/wp-json\/wp\/v2\/users\/10"}],"replies":[{"embeddable":true,"href":"https:\/\/www.docxcorretora.com.br\/blog\/wp-json\/wp\/v2\/comments?post=1600"}],"version-history":[{"count":1,"href":"https:\/\/www.docxcorretora.com.br\/blog\/wp-json\/wp\/v2\/posts\/1600\/revisions"}],"predecessor-version":[{"id":1602,"href":"https:\/\/www.docxcorretora.com.br\/blog\/wp-json\/wp\/v2\/posts\/1600\/revisions\/1602"}],"wp:featuredmedia":[{"embeddable":true,"href":"https:\/\/www.docxcorretora.com.br\/blog\/wp-json\/wp\/v2\/media\/1601"}],"wp:attachment":[{"href":"https:\/\/www.docxcorretora.com.br\/blog\/wp-json\/wp\/v2\/media?parent=1600"}],"wp:term":[{"taxonomy":"category","embeddable":true,"href":"https:\/\/www.docxcorretora.com.br\/blog\/wp-json\/wp\/v2\/categories?post=1600"},{"taxonomy":"post_tag","embeddable":true,"href":"https:\/\/www.docxcorretora.com.br\/blog\/wp-json\/wp\/v2\/tags?post=1600"}],"curies":[{"name":"wp","href":"https:\/\/api.w.org\/{rel}","templated":true}]}}